{"id":477683,"date":"2025-10-20T18:34:18","date_gmt":"2025-10-20T18:34:18","guid":{"rendered":"https:\/\/www.europesays.com\/fr\/477683\/"},"modified":"2025-10-20T18:34:18","modified_gmt":"2025-10-20T18:34:18","slug":"mma-baki-avait-ete-victime-dune-rupture-des-ligaments-croises-avant-son-combat-a-strasbourg","status":"publish","type":"post","link":"https:\/\/www.europesays.com\/fr\/477683\/","title":{"rendered":"MMA. Baki avait \u00e9t\u00e9 victime d\u2019une rupture des ligaments crois\u00e9s avant son combat \u00e0 Strasbourg"},"content":{"rendered":"<p>Battu par Jordan Zebo samedi soir au Z\u00e9nith Strasbourg lors de l\u2019ARES 35, Ba\u00efssangour \u00ab Baki \u00bb Chamsoudinov a combattu malgr\u00e9 une rupture des ligaments crois\u00e9s survenue un mois plus t\u00f4t, selon l\u2019un de ses entra\u00eeneurs, Cl\u00e9ment Marcou.<\/p>\n<p>\u00ab Baki s\u2019est fait les crois\u00e9s le 7 septembre\u00bb, a-t-il expliqu\u00e9 lors d\u2019un live sur YouTube. \u00abCe n\u2019est en aucun cas une excuse. \u00c7a fait partie du sport de haut niveau. Si on d\u00e9cide de combattre, on en assume la responsabilit\u00e9. Cela n\u2019enl\u00e8ve rien au m\u00e9rite de Jordan. \u00bb<\/p>\n<p>Selon son fr\u00e8re Rassoul Chamsoudinov, Baki portait deux genouill\u00e8res pendant le combat \u00ab pour ne pas donner d\u2019indication au clan Zebo \u00bb, mais seul le genou gauche avait \u00e9t\u00e9 strapp\u00e9. \u00ab \u00c0 aucun moment il n\u2019a pens\u00e9 \u00e0 annuler le combat \u00bb a-t-il conclu, en pr\u00e9cisant que le plan de jeu \u00e9tait de d\u00e9marrer fort pour tenter de conclure rapidement.<\/p>\n<p>Baki pourrait \u00eatre op\u00e9r\u00e9 tr\u00e8s prochainement.\u00a0<\/p>\n","protected":false},"excerpt":{"rendered":"Battu par Jordan Zebo samedi soir au Z\u00e9nith Strasbourg lors de l\u2019ARES 35, Ba\u00efssangour \u00ab Baki \u00bb Chamsoudinov&hellip;\n","protected":false},"author":2,"featured_media":477684,"comment_status":"","ping_status":"","sticky":false,"template":"","format":"standard","meta":{"footnotes":""},"categories":[2820],"tags":[1111,11,2389,1777,674,107,1701,1011,27,775,1847,12,25,517,21508,640],"class_list":{"0":"post-477683","1":"post","2":"type-post","3":"status-publish","4":"format-standard","5":"has-post-thumbnail","7":"category-strasbourg","8":"tag-actu","9":"tag-actualites","10":"tag-alsace","11":"tag-eu","12":"tag-europe","13":"tag-fil-info","14":"tag-fil-info-sport","15":"tag-fr","16":"tag-france","17":"tag-grand-est","18":"tag-mma","19":"tag-news","20":"tag-republique-francaise","21":"tag-sport","22":"tag-sports-de-combat","23":"tag-strasbourg"},"share_on_mastodon":{"url":"https:\/\/pubeurope.com\/@fr\/115407938173323193","error":""},"_links":{"self":[{"href":"https:\/\/www.europesays.com\/fr\/wp-json\/wp\/v2\/posts\/477683","targetHints":{"allow":["GET"]}}],"collection":[{"href":"https:\/\/www.europesays.com\/fr\/wp-json\/wp\/v2\/posts"}],"about":[{"href":"https:\/\/www.europesays.com\/fr\/wp-json\/wp\/v2\/types\/post"}],"author":[{"embeddable":true,"href":"https:\/\/www.europesays.com\/fr\/wp-json\/wp\/v2\/users\/2"}],"replies":[{"embeddable":true,"href":"https:\/\/www.europesays.com\/fr\/wp-json\/wp\/v2\/comments?post=477683"}],"version-history":[{"count":0,"href":"https:\/\/www.europesays.com\/fr\/wp-json\/wp\/v2\/posts\/477683\/revisions"}],"wp:featuredmedia":[{"embeddable":true,"href":"https:\/\/www.europesays.com\/fr\/wp-json\/wp\/v2\/media\/477684"}],"wp:attachment":[{"href":"https:\/\/www.europesays.com\/fr\/wp-json\/wp\/v2\/media?parent=477683"}],"wp:term":[{"taxonomy":"category","embeddable":true,"href":"https:\/\/www.europesays.com\/fr\/wp-json\/wp\/v2\/categories?post=477683"},{"taxonomy":"post_tag","embeddable":true,"href":"https:\/\/www.europesays.com\/fr\/wp-json\/wp\/v2\/tags?post=477683"}],"curies":[{"name":"wp","href":"https:\/\/api.w.org\/{rel}","templated":true}]}}