{"id":477704,"date":"2025-10-20T18:46:13","date_gmt":"2025-10-20T18:46:13","guid":{"rendered":"https:\/\/www.europesays.com\/fr\/477704\/"},"modified":"2025-10-20T18:46:13","modified_gmt":"2025-10-20T18:46:13","slug":"un-trafic-international-de-drogue-de-synthese-demantele-a-marseille","status":"publish","type":"post","link":"https:\/\/www.europesays.com\/fr\/477704\/","title":{"rendered":"un trafic international de drogue de synth\u00e8se d\u00e9mantel\u00e9 \u00e0 Marseille"},"content":{"rendered":"<p>\n    Des perquisitions ont permis la saisie de 88 kilos d\u2019ecstasy, de 75.000 euros en esp\u00e8ce, d\u2019un pistolet, de huit v\u00e9hicules et d\u2019un bien immobilier d\u2019une valeur de 300.000 euros.<\/p>\n<p class=\"fig-paragraph\">Un vaste coup de filet men\u00e9 par les gendarmes de la section de recherches de Marseille et l\u2019Office national antifraude. Un trafic international de\u00a0<a href=\"http:\/\/www.lefigaro.fr\/faits-divers\/la-defonce-est-tres-rapide-tres-forte-le-fleau-de-l-addiction-au-pete-ton-crane-cette-drogue-de-synthese-qui-s-enracine-dans-les-ecoles-20250205\" target=\"_blank\" data-fig-type=\"Article\" rel=\"noopener\" data-gtm-custom-categorie=\"navigation\" data-gtm-custom-action=\"crossclick\" data-gtm-custom-label=\"Contextuel\" data-gtm-event=\"customEventSPE\" data-fig-domain=\"LEFIGARO\">drogues de synth\u00e8se<\/a>\u00a0reliant les Pays-Bas \u00e0 l\u2019<a href=\"http:\/\/www.lefigaro.fr\/international\/la-france-n-oublie-pas-ce-jour-sombre-emmanuel-macron-tente-de-renouer-le-dialogue-avec-alger-par-un-geste-de-memoire-20251017\" target=\"_blank\" data-fig-type=\"NewsFlash\" rel=\"noopener\" data-gtm-custom-categorie=\"navigation\" data-gtm-custom-action=\"crossclick\" data-gtm-custom-label=\"Contextuel\" data-gtm-event=\"customEventSPE\" data-fig-domain=\"LEFIGARO\">Alg\u00e9rie<\/a>\u00a0a \u00e9t\u00e9 tout r\u00e9cemment d\u00e9mantel\u00e9, a annonc\u00e9 le parquet de Marseille dans un communiqu\u00e9 ce lundi 20 octobre. Plusieurs individus ont \u00e9t\u00e9 interpell\u00e9s par le\u00a0<a href=\"http:\/\/www.lefigaro.fr\/nantes\/nantes-un-jeune-arrete-par-le-gign-apres-avoir-annonce-vouloir-faire-une-tuerie-de-masse-20250730\" target=\"_blank\" data-fig-type=\"NewsFlash\" rel=\"noopener\" data-gtm-custom-categorie=\"navigation\" data-gtm-custom-action=\"crossclick\" data-gtm-custom-label=\"Contextuel\" data-gtm-event=\"customEventSPE\" data-fig-domain=\"LEFIGARO\">GIGN<\/a>\u00a0entre le 13 et le 15 octobre. Huit personnes ont \u00e9t\u00e9 mises en examen, dont trois plac\u00e9es en d\u00e9tention provisoire et deux sous contr\u00f4le judiciaire, et trois incarc\u00e9r\u00e9es provisoirement en attente d\u2019un d\u00e9bat sur leur d\u00e9tention.<\/p>\n<p class=\"fig-paragraph\">L\u2019affaire d\u00e9bute \u00e0 la fin de l\u2019ann\u00e9e 2024, lorsque l\u2019office antistup\u00e9fiants (Ofast) re\u00e7oit un renseignement d\u00e9non\u00e7ant une organisation implant\u00e9e \u00e0 Marseille. Ce groupuscule importerait des drogues de synth\u00e8se de type\u00a0<a href=\"http:\/\/www.lefigaro.fr\/actualite-france\/experimentation-du-cannabis-qui-explose-et-consommation-de-cocaine-en-forte-hausse-radiographie-de-cette-france-qui-se-drogue-20240626\" target=\"_blank\" data-fig-type=\"Article\" rel=\"noopener\" data-gtm-custom-categorie=\"navigation\" data-gtm-custom-action=\"crossclick\" data-gtm-custom-label=\"Contextuel\" data-gtm-event=\"customEventSPE\" data-fig-domain=\"LEFIGARO\">MDMA<\/a>\u00a0depuis les Pays-Bas pour ensuite les exporter vers l\u2019Alg\u00e9rie pour les revendre. Une enqu\u00eate pr\u00e9liminaire est alors ouverte par la juridiction p\u00e9nale sp\u00e9cialis\u00e9e pour \u00abimportation de produits stup\u00e9fiants en BO (bande organis\u00e9e, NDLR), exportation de produits stup\u00e9fiants en BO, association de malfaiteurs en vue de la commission de d\u00e9lits punis de 10 ans d\u2019emprisonnement\u00bb. Elle est confi\u00e9e \u00e0 la section de recherches de Marseille-PACA.<\/p>\n<p>                                    <a class=\"fig-a11y-skip a11y-hidden\" href=\"#fig-a11y-skip-main-inarticle\"><br \/>\n        Passer la publicit\u00e9<br \/>\n    <\/a><\/p>\n<p>De la MDMA dans les climatiseurs<\/p>\n<p class=\"fig-paragraph\">Les investigations r\u00e9v\u00e8lent rapidement les contours d\u2019une \u00aborganisation bien rod\u00e9e\u00bb, pr\u00e9cise ce jour le parquet de Marseille. Des surveillances mises en place permettent aux enqu\u00eateurs de remonter la fili\u00e8re d\u2019approvisionnement et d\u2019identifier un premier individu, qui \u00abeffectue ses livraisons par TGV depuis la gare de Lille Europe vers la gare d\u2019Aix-en-Provence\u00bb. Un \u00absaraf\u00bb &#8211; un agent de change r\u00e9coltant des liquidit\u00e9s pour ensuite les mettre \u00e0 disposition au\u00a0<a href=\"http:\/\/www.lefigaro.fr\/decideurs\/portraits\/le-marche-est-appele-a-changer-d-ici-2030-le-cabinet-d-audit-pwc-nomme-un-nouveau-president-pour-la-france-et-le-maghreb-20250702\" target=\"_blank\" data-fig-type=\"Article\" rel=\"noopener\" data-gtm-custom-categorie=\"navigation\" data-gtm-custom-action=\"crossclick\" data-gtm-custom-label=\"Contextuel\" data-gtm-event=\"customEventSPE\" data-fig-domain=\"LEFIGARO\">Maghreb<\/a>\u00a0&#8211; est \u00e9galement rep\u00e9r\u00e9. Il \u00e9tait charg\u00e9 par l\u2019organisation de remettre l\u2019argent des ventes effectu\u00e9es au Maroc \u00e0 une \u00e9quipe marseillaise, \u00ablui permettant de r\u00e9investir dans la marchandise illicite\u00bb.<\/p>\n<p class=\"fig-paragraph\">Cette \u00e9quipe marseillaise \u00e9tait particuli\u00e8rement astucieuse: elle dissimulait les drogues de synth\u00e8se dans des marchandises acquises dans des magasins de bricolage, tels que des climatiseurs ou des pergolas, avant de les \u00abreconditionner\u00bb et de les exporter vers l\u2019Alg\u00e9rie via le port de Marseille.<\/p>\n<p>Un pistolet et 88 kilos d\u2019ecstasy saisis<\/p>\n<p class=\"fig-paragraph\">Une fois tous ces \u00e9l\u00e9ments consolid\u00e9s, les autorit\u00e9s ont lanc\u00e9 une op\u00e9ration judiciaire le 13 octobre dernier. \u00abLa d\u00e9tection d\u2019un approvisionnement en cours par TGV entre Lille Europe et Aix TGV permet le lancement de l\u2019op\u00e9ration\u00bb. Trois individus sont alors interpell\u00e9s par le GIGN d\u2019Orange, et cinq autres arrestations suivent les 13 et 14 octobre.<\/p>\n<p class=\"fig-paragraph\">\u00abDes op\u00e9rations sont \u00e9galement conduites simultan\u00e9ment par les enqu\u00eateurs de la section de recherches de Lille mais \u00e9galement par la police judiciaire de Mons-Tournai en Belgique et par l\u2019Udyco (unit\u00e9 de drogues et du crime organis\u00e9) \u00e0 Benidorm en Espagne\u00bb, avance le parquet.<\/p>\n<p class=\"fig-paragraph\">Des perquisitions sont \u00e9galement men\u00e9es, permettant la saisie de 88 kilos d\u2019ecstasy, de 75.000 euros en esp\u00e8ce, de 10.000 euros sur des comptes bancaires, d\u2019un pistolet, de huit v\u00e9hicules et d\u2019un bien immobilier d\u2019une valeur de 300.000 euros.<\/p>\n","protected":false},"excerpt":{"rendered":"Des perquisitions ont permis la saisie de 88 kilos d\u2019ecstasy, de 75.000 euros en esp\u00e8ce, d\u2019un pistolet, de&hellip;\n","protected":false},"author":2,"featured_media":477705,"comment_status":"","ping_status":"","sticky":false,"template":"","format":"standard","meta":{"footnotes":""},"categories":[2814],"tags":[1111,11,1052,1777,674,1011,27,884,12,882,25],"class_list":{"0":"post-477704","1":"post","2":"type-post","3":"status-publish","4":"format-standard","5":"has-post-thumbnail","7":"category-marseille","8":"tag-actu","9":"tag-actualites","10":"tag-drogue","11":"tag-eu","12":"tag-europe","13":"tag-fr","14":"tag-france","15":"tag-marseille","16":"tag-news","17":"tag-provence-alpes-cote-dazur","18":"tag-republique-francaise"},"share_on_mastodon":{"url":"https:\/\/pubeurope.com\/@fr\/115407984941977023","error":""},"_links":{"self":[{"href":"https:\/\/www.europesays.com\/fr\/wp-json\/wp\/v2\/posts\/477704","targetHints":{"allow":["GET"]}}],"collection":[{"href":"https:\/\/www.europesays.com\/fr\/wp-json\/wp\/v2\/posts"}],"about":[{"href":"https:\/\/www.europesays.com\/fr\/wp-json\/wp\/v2\/types\/post"}],"author":[{"embeddable":true,"href":"https:\/\/www.europesays.com\/fr\/wp-json\/wp\/v2\/users\/2"}],"replies":[{"embeddable":true,"href":"https:\/\/www.europesays.com\/fr\/wp-json\/wp\/v2\/comments?post=477704"}],"version-history":[{"count":0,"href":"https:\/\/www.europesays.com\/fr\/wp-json\/wp\/v2\/posts\/477704\/revisions"}],"wp:featuredmedia":[{"embeddable":true,"href":"https:\/\/www.europesays.com\/fr\/wp-json\/wp\/v2\/media\/477705"}],"wp:attachment":[{"href":"https:\/\/www.europesays.com\/fr\/wp-json\/wp\/v2\/media?parent=477704"}],"wp:term":[{"taxonomy":"category","embeddable":true,"href":"https:\/\/www.europesays.com\/fr\/wp-json\/wp\/v2\/categories?post=477704"},{"taxonomy":"post_tag","embeddable":true,"href":"https:\/\/www.europesays.com\/fr\/wp-json\/wp\/v2\/tags?post=477704"}],"curies":[{"name":"wp","href":"https:\/\/api.w.org\/{rel}","templated":true}]}}