{"id":477710,"date":"2025-10-20T18:52:33","date_gmt":"2025-10-20T18:52:33","guid":{"rendered":"https:\/\/www.europesays.com\/fr\/477710\/"},"modified":"2025-10-20T18:52:33","modified_gmt":"2025-10-20T18:52:33","slug":"deux-infirmieres-dun-hopital-prive-du-val-de-marne-mises-en-examen-pour-meurtre-et-empoisonnement","status":"publish","type":"post","link":"https:\/\/www.europesays.com\/fr\/477710\/","title":{"rendered":"Deux infirmi\u00e8res d&rsquo;un h\u00f4pital priv\u00e9 du Val-de-Marne mises en examen pour meurtre et empoisonnement"},"content":{"rendered":"<p>            Par<br \/>\n        <strong><br \/>\n            <a href=\"https:\/\/actu.fr\/auteur\/redaction-paris\" title=\"Consulter tous les articles de R\u00e9daction Paris\" target=\"_blank\" rel=\"noopener\">R\u00e9daction Paris<\/a><br \/>\n        <\/strong><\/p>\n<p>        Publi\u00e9 le<\/p>\n<p>            20 oct. 2025 \u00e0 17h39        <\/p>\n<p>Dans le cadre d\u2019une information judiciaire ouverte le 16\u00a0octobre 2025, <strong>deux infirmi\u00e8res<\/strong> de l\u2019h\u00f4pital priv\u00e9 de <a href=\"https:\/\/actu.fr\/ile-de-france\/thiais_94073\" target=\"_blank\" rel=\"noopener\">Thiais<\/a> (<a href=\"https:\/\/actu.fr\/ile-de-france\/val-de-marne_94\" target=\"_blank\" rel=\"noopener\">Val-de-Marne<\/a>), \u00e2g\u00e9es 43\u00a0ans, ont \u00e9t\u00e9 mises en examen, respectivement pour \u00ab\u2009meurtre\u2009\u00bb et \u00ab\u2009empoisonnement\u2009\u00bb, a appris actu Paris aupr\u00e8s du parquet de Cr\u00e9teil lundi 20\u00a0octobre 2025, confirmant ainsi une information du <a href=\"https:\/\/www.leparisien.fr\/faits-divers\/deux-infirmieres-dun-meme-hopital-mises-en-examen-apres-un-deces-suspect-et-un-empoisonnement-20-10-2025-V54VYT3U7JEGXCEGRO3RPYVXOY.php\" target=\"_blank\" rel=\"noopener\">Parisien<\/a>.<\/p>\n<p>Deux \u00ab\u2009b\u00e9vues\u2009\u00bb suspectes en quelques mois<\/p>\n<p class=\" wall-content\">Sept mois apr\u00e8s le d\u00e9c\u00e8s d\u2019une patiente septuag\u00e9naire dans des conditions troublantes \u00e0 l\u2019h\u00f4pital priv\u00e9 de Thiais, deux infirmi\u00e8res ont \u00e9t\u00e9 interpell\u00e9es mi-octobre.<\/p>\n<p class=\" wall-content\">Le bin\u00f4me, impliqu\u00e9 dans cette premi\u00e8re affaire, avait aussi \u00e9t\u00e9 mis en cause d\u00e9but janvier apr\u00e8s une injection de morphine tr\u00e8s largement surdos\u00e9e sur un patient de 23\u00a0ans, qui avait n\u00e9cessit\u00e9 son transfert en urgence en r\u00e9animation, relate Le Parisien.<\/p>\n<p class=\" wall-content\">Toutes les deux mises en examen, la premi\u00e8re pour meurtre pour des faits commis le 11\u00a0mars 2025, la seconde pour empoisonnement pour des faits commis du 6 au 9\u00a0janvier 2025, elles ont \u00e9t\u00e9 plac\u00e9es le m\u00eame jour sous contr\u00f4le judiciaire, comprenant notamment \u00ab\u2009l\u2019interdiction d\u2019exercer toute profession dans le domaine m\u00e9dical\u2009\u00bb, pr\u00e9cise le parquet.<\/p>\n<p class=\" wall-content\">Afin d\u2019\u00e9claircir les circonstances de l\u2019affaire, les investigations se poursuivent sur commissions rogatoires du magistrat instructeur. Elles sont confi\u00e9es \u00e0 la Brigade de r\u00e9pression de la d\u00e9linquance contre les personnes (BRDP).<\/p>\n<p class=\" wall-content\">Personnalisez votre actualit\u00e9 en ajoutant vos villes et m\u00e9dias en favori avec <a href=\"https:\/\/moncompte.actu.fr\" title=\"D\u00e9couvez Mon Actu\" rel=\"nofollow noopener\" data-trk=\"{&quot;cta&quot;:{&quot;action&quot;:&quot;https:\\\/\\\/moncompte.actu.fr&quot;,&quot;category&quot;:&quot;mon compte&quot;,&quot;from&quot;:&quot;article footer&quot;,&quot;name&quot;:&quot;Mon actu&quot;,&quot;type&quot;:&quot;cta&quot;}}\" target=\"_blank\">Mon Actu<\/a>.<\/p>\n","protected":false},"excerpt":{"rendered":"Par R\u00e9daction Paris Publi\u00e9 le 20 oct. 2025 \u00e0 17h39 Dans le cadre d\u2019une information judiciaire ouverte le&hellip;\n","protected":false},"author":2,"featured_media":477711,"comment_status":"","ping_status":"","sticky":false,"template":"","format":"standard","meta":{"footnotes":""},"categories":[1592],"tags":[1111,11,1777,674,118,1011,27,100,662,777,12,626,25],"class_list":{"0":"post-477710","1":"post","2":"type-post","3":"status-publish","4":"format-standard","5":"has-post-thumbnail","7":"category-ile-de-france","8":"tag-actu","9":"tag-actualites","10":"tag-eu","11":"tag-europe","12":"tag-faits-divers","13":"tag-fr","14":"tag-france","15":"tag-hopital","16":"tag-ile-de-france","17":"tag-meurtre","18":"tag-news","19":"tag-paris","20":"tag-republique-francaise"},"share_on_mastodon":{"url":"https:\/\/pubeurope.com\/@fr\/115408008405510721","error":""},"_links":{"self":[{"href":"https:\/\/www.europesays.com\/fr\/wp-json\/wp\/v2\/posts\/477710","targetHints":{"allow":["GET"]}}],"collection":[{"href":"https:\/\/www.europesays.com\/fr\/wp-json\/wp\/v2\/posts"}],"about":[{"href":"https:\/\/www.europesays.com\/fr\/wp-json\/wp\/v2\/types\/post"}],"author":[{"embeddable":true,"href":"https:\/\/www.europesays.com\/fr\/wp-json\/wp\/v2\/users\/2"}],"replies":[{"embeddable":true,"href":"https:\/\/www.europesays.com\/fr\/wp-json\/wp\/v2\/comments?post=477710"}],"version-history":[{"count":0,"href":"https:\/\/www.europesays.com\/fr\/wp-json\/wp\/v2\/posts\/477710\/revisions"}],"wp:featuredmedia":[{"embeddable":true,"href":"https:\/\/www.europesays.com\/fr\/wp-json\/wp\/v2\/media\/477711"}],"wp:attachment":[{"href":"https:\/\/www.europesays.com\/fr\/wp-json\/wp\/v2\/media?parent=477710"}],"wp:term":[{"taxonomy":"category","embeddable":true,"href":"https:\/\/www.europesays.com\/fr\/wp-json\/wp\/v2\/categories?post=477710"},{"taxonomy":"post_tag","embeddable":true,"href":"https:\/\/www.europesays.com\/fr\/wp-json\/wp\/v2\/tags?post=477710"}],"curies":[{"name":"wp","href":"https:\/\/api.w.org\/{rel}","templated":true}]}}