{"id":477712,"date":"2025-10-20T18:55:43","date_gmt":"2025-10-20T18:55:43","guid":{"rendered":"https:\/\/www.europesays.com\/fr\/477712\/"},"modified":"2025-10-20T18:55:43","modified_gmt":"2025-10-20T18:55:43","slug":"grues-effondrees-toitures-arrachees-une-tornade-fait-un-mort-et-quatre-blesses-graves-dans-le-val-doise","status":"publish","type":"post","link":"https:\/\/www.europesays.com\/fr\/477712\/","title":{"rendered":"Grues effondr\u00e9es, toitures arrach\u00e9es\u2026 Une tornade fait un mort et quatre bless\u00e9s graves dans le Val-d\u2019Oise"},"content":{"rendered":"<p class=\"paragraph text_align_left lp-f-body-02\">Les images sont impressionnantes. \u00c0 l\u2019instar de cette grue qui s\u2019est abattue sur l\u2019institut m\u00e9dico-\u00e9ducatif (IME) du Clos-Fleuri, \u00e0 <a href=\"https:\/\/www.leparisien.fr\/val-d-oise-95\/ermont-95120\/\" target=\"_blank\" rel=\"noreferrer noopener\">Ermont<\/a> (Val-d\u2019Oise). Trois, au total, auraient \u00e9t\u00e9 jet\u00e9es au sol par la force du vent. <\/p>\n<p class=\"paragraph text_align_left lp-f-body-02\">Une violente temp\u00eate a en effet frapp\u00e9 le Val-d\u2019Oise en fin d\u2019apr\u00e8s-midi, ce lundi 20 octobre, aux environs de 17h45. Des rafales de vents tr\u00e8s brutales ont caus\u00e9 d\u2019importants d\u00e9g\u00e2ts, \u00e0 Eaubonne, Franconville et surtout Ermont. <\/p>\n<p class=\"paragraph text_align_left lp-f-body-02\">La tornade qui a touch\u00e9 le secteur aurait fait un mort et quatre bless\u00e9s graves, a indiqu\u00e9 la pr\u00e9fecture du Val-d\u2019Oise \u00e0 nos confr\u00e8res de l\u2019AFP. <\/p>\n<p><img decoding=\"async\" class=\"image \" loading=\"lazy\" src=\"https:\/\/www.europesays.com\/fr\/wp-content\/uploads\/2025\/10\/6FOQFQQTUBG2ND5HT4O5JGTQLA.jpg\" alt=\"Ermont (Val-d'Oise), le 20 octobre. Les toitures de plusieurs maisons ont \u00e9t\u00e9 arrach\u00e9es. DR\" align=\"\" data-rubrique-principale=\"\" data-article-type=\"\" fetchpriority=\"auto\"\/>Ermont (Val-d&rsquo;Oise), le 20 octobre. Les toitures de plusieurs maisons ont \u00e9t\u00e9 arrach\u00e9es. DR<\/p>\n<p class=\"paragraph text_align_left lp-f-body-02\">Le quartier Gambetta et la rue Henry-Dunant ont \u00e9t\u00e9 particuli\u00e8rement touch\u00e9s. Les communes de Margency, Andilly, Cormeilles-en-Parisis et de Montmorency ont \u00e9galement \u00e9t\u00e9 impact\u00e9es. <\/p>\n<p class=\"paragraph text_align_left lp-f-body-02\">\u00ab Il s\u2019agit d\u2019un \u00e9v\u00e9nement climatique s\u00e9rieux, explique-t-on du c\u00f4t\u00e9 de la pr\u00e9fecture du Val-d\u2019Oise. Des rafales de vent tr\u00e8s brutales qui n\u2019\u00e9taient pas annonc\u00e9es. \u00bb<\/p>\n<p class=\"paragraph text_align_left lp-f-body-02\">La pr\u00e9fecture du Val-d\u2019Oise a ouvert peu apr\u00e8s 18h30 un Centre Op\u00e9rationnel D\u00e9partemental (COD), cellule de crise r\u00e9unissant notamment les pompiers, le Samu, la police, la gendarmerie, ou encore le service des routes du conseil d\u00e9partemental.<\/p>\n<p class=\"paragraph text_align_left lp-f-body-02\">Le pr\u00e9fet, de son c\u00f4t\u00e9, s\u2019est rendu \u00e0 Ermont, aux c\u00f4t\u00e9s du maire (DVD), Xavier Haquin.<\/p>\n<p class=\"paragraph text_align_left lp-f-body-02\">Elisabeth venait de faire quelques courses pr\u00e8s de chez elle, quand la temp\u00eate l\u2019a surprise. \u00ab Sur la route du retour, \u00e0 c\u00f4t\u00e9 de la mairie d\u2019Ermont, le ciel est devenu soudainement gris, raconte-t-elle. Il y avait de l\u2019orage. Et d\u2019un coup, j\u2019ai vu une tornade de feuilles impressionnante et une pluie de temp\u00eate s\u2019est abattue sur ma voiture. Je ne voyais plus rien, c\u2019\u00e9tait comme si une vague s\u2019abattait sur moi. La voiture tremblait. Je me suis arr\u00eat\u00e9e car j\u2019ai eu peur d\u2019\u00eatre pouss\u00e9e sur le c\u00f4t\u00e9. \u00bb <\/p>\n<p class=\"paragraph text_align_left lp-f-body-02\">Florian, assistant gestionnaire de copropri\u00e9t\u00e9 qui rentrait de son travail par la gare du nord, a eu du mal \u00e0 arriver jusque chez lui, dans le quartier de l\u2019Esp\u00e9rance. \u00abTout \u00e9tait bloqu\u00e9 \u00e0 gare du nord, souffle-t-il. J\u2019ai vu plein de vid\u00e9os. Ma voiture est gar\u00e9e \u00e0 la gare d\u2019Ermont, je ne peux pas aller la chercher. Je ne peux pas rentrer chez moi. Tout est ferm\u00e9.\u00a0\u00bb<\/p>\n<p class=\"paragraph text_align_left lp-f-body-02\">Une soixantaine de personnes attendent devant le rond point de la rue du 18 juin, devant le corridor de s\u00e9curit\u00e9. C\u2019est l\u00e0 que sont stationn\u00e9s trois camions de pompiers, cinq v\u00e9hicules l\u00e9gers, ainsi que deux camions de la protection civile.<\/p>\n<p>Les transports fortement impact\u00e9s<\/p>\n<p class=\"paragraph text_align_left lp-f-body-02\">On recense notamment de nombreuses chutes d\u2019arbres, et des toitures arrach\u00e9es. Des coupures de courant sont toujours en cours \u00e0 Ermont ou Cormeilles-en-Parisis. <\/p>\n<p class=\"paragraph text_align_left lp-f-body-02\">A Eaubonne, une cellule de crise a \u00e9t\u00e9 install\u00e9e au gymnase du Luat, avec la maire Marie-Jos\u00e9 Beaulande, son premier adjoint, la police municipale et la police nationale, en lien avec l\u2019h\u00f4pital Simone-Veil d\u2019Eaubonne. L\u2019\u00e9tablissement a de son c\u00f4t\u00e9 activ\u00e9 son plan Blanc, afin justement de pouvoir accueillir les bless\u00e9s. Sur les r\u00e9seaux sociaux, il recommande de ne venir qu\u2019en cas d\u2019urgences. <\/p>\n<p class=\"paragraph text_align_left lp-f-body-02\">A Margency, une partie du toit du centre de loisirs s\u2019est envol\u00e9e, et l\u2019on recense \u00e9galement de nombreuses chutes d\u2019arbres. \u00ab La temp\u00eate a \u00e9t\u00e9 rapide mais tr\u00e8s violente, explique le maire, Thierry Brun. Nous avons rappel\u00e9 les services municipaux, pour s\u00e9curiser les rues et \u00e9viter les suraccidents. \u00bb<\/p>\n<p class=\"paragraph text_align_left lp-f-body-02\">Les transports <a href=\"https:\/\/www.leparisien.fr\/info-paris-ile-de-france-oise\/transports\/le-trafic-interrompu-sur-une-partie-du-rer-c-et-de-la-ligne-h-apres-la-chute-dun-arbre-dans-le-val-doise-20-10-2025-FDSGE2FD2NEF3BKMNE3J6GXAY4.php\" target=\"_blank\" rel=\"noreferrer noopener\">sont aussi impact\u00e9s<\/a>. Des arbres sont tomb\u00e9s sur les autoroutes A15 et A115, entra\u00eenant d\u2019importants bouchons. A La Frette-sur-Seine, la circulation a \u00e9t\u00e9 coup\u00e9e sur les quais de Seine. Du c\u00f4t\u00e9 de la SNCF, le trafic a \u00e9t\u00e9 interrompu sur la ligne H du Transilien et le RER C.<\/p>\n<p class=\"paragraph text_align_left lp-f-body-02\">(*)Le pr\u00e9nom a \u00e9t\u00e9 modifi\u00e9.<\/p>\n","protected":false},"excerpt":{"rendered":"Les images sont impressionnantes. \u00c0 l\u2019instar de cette grue qui s\u2019est abattue sur l\u2019institut m\u00e9dico-\u00e9ducatif (IME) du Clos-Fleuri,&hellip;\n","protected":false},"author":2,"featured_media":477713,"comment_status":"","ping_status":"","sticky":false,"template":"","format":"standard","meta":{"footnotes":""},"categories":[1888],"tags":[1111,1928,11,1927,1777,674,118,1011,27,1944,12,1926,626,1925,25,6601],"class_list":{"0":"post-477712","1":"post","2":"type-post","3":"status-publish","4":"format-standard","5":"has-post-thumbnail","7":"category-paris","8":"tag-actu","9":"tag-actu-paris","10":"tag-actualites","11":"tag-actualites-paris","12":"tag-eu","13":"tag-europe","14":"tag-faits-divers","15":"tag-fr","16":"tag-france","17":"tag-ma-ville","18":"tag-news","19":"tag-news-paris","20":"tag-paris","21":"tag-paris-news","22":"tag-republique-francaise","23":"tag-val-d-oise"},"share_on_mastodon":{"url":"https:\/\/pubeurope.com\/@fr\/115408021263392500","error":""},"_links":{"self":[{"href":"https:\/\/www.europesays.com\/fr\/wp-json\/wp\/v2\/posts\/477712","targetHints":{"allow":["GET"]}}],"collection":[{"href":"https:\/\/www.europesays.com\/fr\/wp-json\/wp\/v2\/posts"}],"about":[{"href":"https:\/\/www.europesays.com\/fr\/wp-json\/wp\/v2\/types\/post"}],"author":[{"embeddable":true,"href":"https:\/\/www.europesays.com\/fr\/wp-json\/wp\/v2\/users\/2"}],"replies":[{"embeddable":true,"href":"https:\/\/www.europesays.com\/fr\/wp-json\/wp\/v2\/comments?post=477712"}],"version-history":[{"count":0,"href":"https:\/\/www.europesays.com\/fr\/wp-json\/wp\/v2\/posts\/477712\/revisions"}],"wp:featuredmedia":[{"embeddable":true,"href":"https:\/\/www.europesays.com\/fr\/wp-json\/wp\/v2\/media\/477713"}],"wp:attachment":[{"href":"https:\/\/www.europesays.com\/fr\/wp-json\/wp\/v2\/media?parent=477712"}],"wp:term":[{"taxonomy":"category","embeddable":true,"href":"https:\/\/www.europesays.com\/fr\/wp-json\/wp\/v2\/categories?post=477712"},{"taxonomy":"post_tag","embeddable":true,"href":"https:\/\/www.europesays.com\/fr\/wp-json\/wp\/v2\/tags?post=477712"}],"curies":[{"name":"wp","href":"https:\/\/api.w.org\/{rel}","templated":true}]}}