{"id":477714,"date":"2025-10-20T18:58:21","date_gmt":"2025-10-20T18:58:21","guid":{"rendered":"https:\/\/www.europesays.com\/fr\/477714\/"},"modified":"2025-10-20T18:58:21","modified_gmt":"2025-10-20T18:58:21","slug":"christian-caujolle-passeur-majeur-de-la-photographie-en-france-est-mort","status":"publish","type":"post","link":"https:\/\/www.europesays.com\/fr\/477714\/","title":{"rendered":"Christian Caujolle, passeur majeur de la photographie en France, est mort"},"content":{"rendered":"<p>                         <img loading=\"lazy\" decoding=\"async\" src=\"https:\/\/www.europesays.com\/fr\/wp-content\/uploads\/2025\/10\/a8369a5_upload-1-8jm4ayujk7li-verz12890-2006nb05r.jpg\" alt=\"Christian Caujolle, \u00e0 Paris, en 2006.\"   width=\"664\" height=\"443\"\/>    Christian Caujolle, \u00e0 Paris, en 2006.  PAOLO VERZONE\/AGENCE VU                 <\/p>\n<p class=\"article__paragraph  \">Avec sa frange et son air de perp\u00e9tuel adolescent, Christian Caujolle aura marqu\u00e9 le monde de la photographie en France pendant pr\u00e8s de cinquante ans et jou\u00e9 un r\u00f4le majeur dans sa reconnaissance. En tant que journaliste puis chef du service photo pour Lib\u00e9ration, il a convaincu du regard singulier que pouvaient apporter les photographes, bien au-del\u00e0 d\u2019un r\u00f4le d\u2019illustration.\u00a0Fondateur de l\u2019agence puis de la galerie VU, il a accompagn\u00e9 l\u2019int\u00e9gration de la photographie dans le monde de l\u2019art, consacrant livres et expositions \u00e0 des photographes de toute sorte \u2013 il n\u2019ex\u00e9crait qu\u2019un seul style, le \u00ab\u00a0d\u00e9coratif\u00a0\u00bb. Atteint d\u2019un cancer, ce p\u00e9dagogue passionn\u00e9 qui se disait \u00ab\u00a0journaliste irr\u00e9ductible\u00a0\u00bb est mort lundi 20\u00a0octobre, \u00e0 Tarbes, \u00e0 l\u2019\u00e2ge de 72\u00a0ans.<\/p>\n<p class=\"article__paragraph  \">C\u2019est dans les mots que Christian Caujolle a commenc\u00e9 sa vie\u00a0: passionn\u00e9 de litt\u00e9rature, ce fils de militaire, \u00e9lev\u00e9 dans la ferme de ses grands-parents en Ari\u00e8ge, d\u00e9vore Romain Rolland avant ses 10\u00a0ans, puis encha\u00eene avec Rimbaud, Kafka\u2026 Apr\u00e8s son bac, il rejoint Toulouse pour une classe pr\u00e9paratoire. C\u2019est l\u00e0 qu\u2019il a une r\u00e9v\u00e9lation pour la photographie en\u00a01972, quand il rencontre Jean Dieuzaide, photographe embl\u00e9matique de Toulouse\u00a0: \u00ab\u00a0La photo, c\u2019\u00e9tait pour moi un album exotique de voyage, racontera-t-il au Monde. Pour la premi\u00e8re fois, je vois des photos encadr\u00e9es au mur et je d\u00e9couvre le livre Paris de nuit [1933] de Brassa\u00ef\u2026\u00a0\u00bb<\/p>\n<p class=\"reading-mode-only \"><strong>Il vous reste 77.17% de cet article \u00e0 lire. La suite est r\u00e9serv\u00e9e aux abonn\u00e9s.<\/strong><\/p>\n","protected":false},"excerpt":{"rendered":"Christian Caujolle, \u00e0 Paris, en 2006. PAOLO VERZONE\/AGENCE VU Avec sa frange et son air de perp\u00e9tuel adolescent,&hellip;\n","protected":false},"author":2,"featured_media":477715,"comment_status":"","ping_status":"","sticky":false,"template":"","format":"standard","meta":{"footnotes":""},"categories":[1888],"tags":[1111,1928,11,1927,1777,674,1011,27,12,1926,626,1925,25],"class_list":{"0":"post-477714","1":"post","2":"type-post","3":"status-publish","4":"format-standard","5":"has-post-thumbnail","7":"category-paris","8":"tag-actu","9":"tag-actu-paris","10":"tag-actualites","11":"tag-actualites-paris","12":"tag-eu","13":"tag-europe","14":"tag-fr","15":"tag-france","16":"tag-news","17":"tag-news-paris","18":"tag-paris","19":"tag-paris-news","20":"tag-republique-francaise"},"share_on_mastodon":{"url":"https:\/\/pubeurope.com\/@fr\/115408033352018694","error":""},"_links":{"self":[{"href":"https:\/\/www.europesays.com\/fr\/wp-json\/wp\/v2\/posts\/477714","targetHints":{"allow":["GET"]}}],"collection":[{"href":"https:\/\/www.europesays.com\/fr\/wp-json\/wp\/v2\/posts"}],"about":[{"href":"https:\/\/www.europesays.com\/fr\/wp-json\/wp\/v2\/types\/post"}],"author":[{"embeddable":true,"href":"https:\/\/www.europesays.com\/fr\/wp-json\/wp\/v2\/users\/2"}],"replies":[{"embeddable":true,"href":"https:\/\/www.europesays.com\/fr\/wp-json\/wp\/v2\/comments?post=477714"}],"version-history":[{"count":0,"href":"https:\/\/www.europesays.com\/fr\/wp-json\/wp\/v2\/posts\/477714\/revisions"}],"wp:featuredmedia":[{"embeddable":true,"href":"https:\/\/www.europesays.com\/fr\/wp-json\/wp\/v2\/media\/477715"}],"wp:attachment":[{"href":"https:\/\/www.europesays.com\/fr\/wp-json\/wp\/v2\/media?parent=477714"}],"wp:term":[{"taxonomy":"category","embeddable":true,"href":"https:\/\/www.europesays.com\/fr\/wp-json\/wp\/v2\/categories?post=477714"},{"taxonomy":"post_tag","embeddable":true,"href":"https:\/\/www.europesays.com\/fr\/wp-json\/wp\/v2\/tags?post=477714"}],"curies":[{"name":"wp","href":"https:\/\/api.w.org\/{rel}","templated":true}]}}