{"id":477718,"date":"2025-10-20T19:00:12","date_gmt":"2025-10-20T19:00:12","guid":{"rendered":"https:\/\/www.europesays.com\/fr\/477718\/"},"modified":"2025-10-20T19:00:12","modified_gmt":"2025-10-20T19:00:12","slug":"le-choix-revient-a-emmanuel-macron","status":"publish","type":"post","link":"https:\/\/www.europesays.com\/fr\/477718\/","title":{"rendered":"le choix revient \u00e0 Emmanuel Macron"},"content":{"rendered":"<p>            Par<br \/>\n        <strong><br \/>\n            <a href=\"https:\/\/actu.fr\/auteur\/julie-bossart-actu-fr\" title=\"Consulter tous les articles de Julie Bossart\" target=\"_blank\" rel=\"noopener\">Julie Bossart<\/a><br \/>\n        <\/strong><\/p>\n<p>        Publi\u00e9 le<\/p>\n<p>            20 oct. 2025 \u00e0 20h41        <\/p>\n<p>Depuis le 12\u00a0octobre 2025, la <a href=\"https:\/\/actu.fr\/tag\/prefecture-de-police-de-paris\" target=\"_blank\" rel=\"noopener\">pr\u00e9fecture de Police de Paris<\/a>, la PP, tourne sans patron. Ce dimanche-l\u00e0, le \u00ab\u2009premier flic de la capitale\u2009\u00bb, <a href=\"https:\/\/actu.fr\/tag\/laurent-nunez\" target=\"_blank\" rel=\"noopener\">Laurent Nu\u00f1ez<\/a>, est devenu le \u00ab\u2009premier flic de France\u2009\u00bb en acceptant d\u2019int\u00e9grer le gouvernement Lecornu II <a href=\"https:\/\/actu.fr\/ile-de-france\/paris_75056\/de-maitre-d-oeuvre-de-la-securisation-a-paris-a-premier-flic-de-france-qui-est-laurent-nunez_63290249.html\" target=\"_blank\" rel=\"noopener\">en tant que ministre de l\u2019Int\u00e9rieur<\/a>. Le temps presse pour lui trouver un rempla\u00e7ant\u2009: la PP est responsable de l\u2019ensemble du dispositif de s\u00e9curit\u00e9 int\u00e9rieure sur le territoire de Paris et des d\u00e9partements des Hauts-de-Seine, de la Seine-Saint-Denis et du Val-de-Marne ainsi que les d\u00e9partements de grande couronne. Une v\u00e9ritable institution qui g\u00e8re pas moins de 43\u2009000 agents. <br \/>Ces derniers pourraient toutefois apercevoir la fum\u00e9e blanche d\u00e8s mercredi 22\u00a0octobre, en Conseil des ministres, apr\u00e8s qu\u2019<a href=\"https:\/\/actu.fr\/tag\/emmanuel-macron\" target=\"_blank\" rel=\"noopener\">Emmanuel Macron<\/a> aura fait son choix. Avant lui, tous les pr\u00e9sidents de la R\u00e9publique ont veill\u00e9 comme le lait sur le feu sur la nomination de ce patron \u00ab\u00a0le mieux inform\u00e9 de la capitale\u00a0\u00bb.<\/p>\n<p>Une d\u00e9licate \u00e9quation<\/p>\n<p class=\" wall-content\">Si la nomination du pr\u00e9fet de Police se fait sur proposition du ministre de l\u2019Int\u00e9rieur, elle reste en effet une pr\u00e9rogative du chef de l\u2019\u00c9tat, compte tenu de la sensibilit\u00e9 du poste.<br \/><a href=\"https:\/\/actu.fr\/tag\/gerald-darmanin\" target=\"_blank\" rel=\"noopener\">G\u00e9rald Darmanin<\/a> n\u2019avait pas eu alors son mot \u00e0 dire lors de la nomination de Laurent Nu\u00f1ez, qui a toute la confiance du pr\u00e9sident Emmanuel Macron, pas plus que Christophe Castaner ne l\u2019avait eu quand <a href=\"https:\/\/actu.fr\/ile-de-france\/paris_75056\/didier-lallement-resume-en-cinq-crises-apres-trois-ans-comme-prefet-de-police-de-paris_52558998.html\" target=\"_blank\" rel=\"noopener\">Didier Lallement<\/a> avait \u00e9t\u00e9 nomm\u00e9.<\/p>\n<p class=\" wall-content\">L\u2019\u00e9quation est d\u00e9licate pour Emmanuel Macron\u2009: choisir un homme ou une femme de confiance pour la PP et, en m\u00eame temps, qui s\u2019entende avec un ministre de l\u2019Int\u00e9rieur qui l\u2019aura pr\u00e9c\u00e9d\u00e9 dans la fonction.<\/p>\n<p class=\" wall-content\">Depuis le 12\u00a0octobre, trois noms sont r\u00e9guli\u00e8rement cit\u00e9s comme possibles titulaires, tous les trois sont grands pr\u00e9fets. Il s\u2019agit de <a href=\"https:\/\/actu.fr\/hauts-de-france\/lille_59350\/le-nouveau-prefet-du-nord-et-des-hauts-de-france-a-pris-ses-fonctions-qui-est-bertrand-gaume_60659081.html\" target=\"_blank\" rel=\"noopener\">Bertrand Gaume<\/a>, 51\u00a0ans, pr\u00e9fet de la r\u00e9gion Hauts-de-France, pr\u00e9fet de la zone de d\u00e9fense et de s\u00e9curit\u00e9 Nord depuis janvier\u00a02024, <a href=\"https:\/\/actu.fr\/provence-alpes-cote-d-azur\/marseille_13055\/drogue-a-marseille-une-salle-de-shoot-dans-le-centre-ville-la-reponse-cinglante-du-prefet_63212998.html\" target=\"_blank\" rel=\"noopener\">Georges-Fran\u00e7ois Leclerc<\/a>, 58\u00a0ans, pr\u00e9fet de la r\u00e9gion Provence-Alpes-C\u00f4te d\u2019Azur depuis janvier dernier et <a href=\"https:\/\/actu.fr\/societe\/morbihan-le-prefet-patrice-faure-quitte-le-departement-pour-la-nouvelle-caledonie_41968812.html\" target=\"_blank\" rel=\"noopener\">Patrice Faure<\/a>, 58\u00a0ans, actuel directeur de cabinet d\u2019Emmanuel Macron \u00e0 l\u2019\u00c9lys\u00e9e.<\/p>\n<p class=\" wall-content\">Si Georges-Fran\u00e7ois Leclerc n\u2019a jamais cach\u00e9 son ambition de diriger la PP, il n\u2019est pas d\u00e9crit comme tr\u00e8s proche du chef de l\u2019\u00c9tat. En outre, il vient d\u2019arriver en Paca o\u00f9 il a mis la main sur la pr\u00e9fecture de police de Marseille.<\/p>\n<p class=\" wall-content\">Bertrand Gaume n\u2019est pas lui non plus r\u00e9put\u00e9 proche du pr\u00e9sident. Si bien que Patrice Faure, le fid\u00e8le des fid\u00e8les d\u2019Emmanuel Macron, fait figure de favori et tient la corde, selon plusieurs sources proches du gouvernement, confirmant une information d\u2019Europe 1.<br \/>Il a une carri\u00e8re \u00e9clectique, militaire puis au sein de la haute fonction publique. Il a \u00e9t\u00e9 ainsi notamment haut commissaire en Nouvelle-Cal\u00e9donie, pr\u00e9fet de Guyane, mais aussi en d\u00e9but de carri\u00e8re \u00e0 la DGSE (direction g\u00e9n\u00e9rale de la s\u00e9curit\u00e9 ext\u00e9rieure). Il conna\u00eet en outre la PP o\u00f9 il a occup\u00e9 une direction en 2016.<\/p>\n<p class=\" wall-content\">Avec la nomination de Patrice Faure \u00e0 la t\u00eate de la forteresse de l\u2019\u00eele de la Cit\u00e9, face au palais de justice, Emmanuel Macron pourrait \u00eatre assur\u00e9 d\u2019avoir une ligne directe avec cet \u00ab\u2009\u00c9tat dans l\u2019\u00c9tat\u2009\u00bb.<\/p>\n<p class=\" wall-content\">avec AFP<\/p>\n<p class=\" wall-content\">Personnalisez votre actualit\u00e9 en ajoutant vos villes et m\u00e9dias en favori avec <a href=\"https:\/\/moncompte.actu.fr\" title=\"D\u00e9couvez Mon Actu\" rel=\"nofollow noopener\" data-trk=\"{&quot;cta&quot;:{&quot;action&quot;:&quot;https:\\\/\\\/moncompte.actu.fr&quot;,&quot;category&quot;:&quot;mon compte&quot;,&quot;from&quot;:&quot;article footer&quot;,&quot;name&quot;:&quot;Mon actu&quot;,&quot;type&quot;:&quot;cta&quot;}}\" target=\"_blank\">Mon Actu<\/a>.<\/p>\n","protected":false},"excerpt":{"rendered":"Par Julie Bossart Publi\u00e9 le 20 oct. 2025 \u00e0 20h41 Depuis le 12\u00a0octobre 2025, la pr\u00e9fecture de Police&hellip;\n","protected":false},"author":2,"featured_media":477719,"comment_status":"","ping_status":"","sticky":false,"template":"","format":"standard","meta":{"footnotes":""},"categories":[1888],"tags":[11,1073,1777,674,1011,27,5454,12,626,316,1931,25],"class_list":{"0":"post-477718","1":"post","2":"type-post","3":"status-publish","4":"format-standard","5":"has-post-thumbnail","7":"category-paris","8":"tag-actualites","9":"tag-emmanuel-macron","10":"tag-eu","11":"tag-europe","12":"tag-fr","13":"tag-france","14":"tag-laurent-nunez","15":"tag-news","16":"tag-paris","17":"tag-politique","18":"tag-prefecture-de-police-de-paris","19":"tag-republique-francaise"},"share_on_mastodon":{"url":"","error":""},"_links":{"self":[{"href":"https:\/\/www.europesays.com\/fr\/wp-json\/wp\/v2\/posts\/477718","targetHints":{"allow":["GET"]}}],"collection":[{"href":"https:\/\/www.europesays.com\/fr\/wp-json\/wp\/v2\/posts"}],"about":[{"href":"https:\/\/www.europesays.com\/fr\/wp-json\/wp\/v2\/types\/post"}],"author":[{"embeddable":true,"href":"https:\/\/www.europesays.com\/fr\/wp-json\/wp\/v2\/users\/2"}],"replies":[{"embeddable":true,"href":"https:\/\/www.europesays.com\/fr\/wp-json\/wp\/v2\/comments?post=477718"}],"version-history":[{"count":0,"href":"https:\/\/www.europesays.com\/fr\/wp-json\/wp\/v2\/posts\/477718\/revisions"}],"wp:featuredmedia":[{"embeddable":true,"href":"https:\/\/www.europesays.com\/fr\/wp-json\/wp\/v2\/media\/477719"}],"wp:attachment":[{"href":"https:\/\/www.europesays.com\/fr\/wp-json\/wp\/v2\/media?parent=477718"}],"wp:term":[{"taxonomy":"category","embeddable":true,"href":"https:\/\/www.europesays.com\/fr\/wp-json\/wp\/v2\/categories?post=477718"},{"taxonomy":"post_tag","embeddable":true,"href":"https:\/\/www.europesays.com\/fr\/wp-json\/wp\/v2\/tags?post=477718"}],"curies":[{"name":"wp","href":"https:\/\/api.w.org\/{rel}","templated":true}]}}