{"id":477732,"date":"2025-10-20T19:18:12","date_gmt":"2025-10-20T19:18:12","guid":{"rendered":"https:\/\/www.europesays.com\/fr\/477732\/"},"modified":"2025-10-20T19:18:12","modified_gmt":"2025-10-20T19:18:12","slug":"pourquoi-lue-est-loin-den-finir-avec-les-importations-de-gaz-russe","status":"publish","type":"post","link":"https:\/\/www.europesays.com\/fr\/477732\/","title":{"rendered":"Pourquoi l\u2019UE est loin d\u2019en finir avec les importations de gaz russe\u00a0?"},"content":{"rendered":"<p>\n    Trois ans et demi apr\u00e8s le d\u00e9but de la guerre en Ukraine, l\u2019UE a r\u00e9ussi \u00e0 se passer du p\u00e9trole russe, mais reste le principal importateur de gaz.<\/p>\n<p class=\"fig-paragraph\">Rupture historique ou v\u0153ux pieux\u00a0? Ce lundi 20 octobre, les ministres de l\u2019\u00c9nergie de l\u2019Union europ\u00e9enne ont<a href=\"http:\/\/www.lefigaro.fr\/conjoncture\/l-union-europeenne-enterine-l-interdiction-d-importer-du-gaz-russe-d-ici-fin-2027-20251020\" data-fig-type=\"NewsFlash\" data-gtm-custom-categorie=\"navigation\" data-gtm-custom-action=\"crossclick\" data-gtm-custom-label=\"Contextuel\" data-gtm-event=\"customEventSPE\" data-fig-domain=\"LEFIGARO\" rel=\"nofollow noopener\" target=\"_blank\">\u00a0approuv\u00e9 l\u2019interdiction totale<\/a>\u00a0des importations de gaz russe d\u2019ici \u00e0 la fin 2027. La mesure, propos\u00e9e au printemps par la Commission, doit encore \u00eatre n\u00e9goci\u00e9e avec le Parlement europ\u00e9en avant son adoption d\u00e9finitive. Le Danemark, qui assure la pr\u00e9sidence tournante de l\u2019UE, esp\u00e8re boucler le dossier avant la fin de l\u2019ann\u00e9e. Mais quel degr\u00e9 de\u00a0<a href=\"http:\/\/www.lefigaro.fr\/societes\/moches-inutiles-monstre-a-deux-tetes-la-longue-croisade-de-donald-trump-contre-les-energies-renouvelables-20251002\" data-fig-type=\"Article\" data-gtm-custom-categorie=\"navigation\" data-gtm-custom-action=\"crossclick\" data-gtm-custom-label=\"Contextuel\" data-gtm-event=\"customEventSPE\" data-fig-domain=\"LEFIGARO\" rel=\"nofollow noopener\" target=\"_blank\">d\u00e9pendance le bloc<\/a>\u00a0conserve-t-il encore vis-\u00e0-vis de l\u2019\u00e9nergie russe\u00a0?<\/p>\n<p class=\"fig-paragraph\">Trois ans et demi apr\u00e8s le d\u00e9but de la guerre en Ukraine, l\u2019Union europ\u00e9enne est parvenue \u00e0 se sevrer presque enti\u00e8rement du p\u00e9trole russe, mais elle est encore bien loin d\u2019en avoir fini avec le gaz\u00a0: en 2024, la Russie repr\u00e9sentait pr\u00e8s de 20 % des importations de gaz du Vieux Continent, contre 45 % en 2021. Un repli spectaculaire, certes, mais qui maintient l\u2019UE parmi les tout premiers clients de Moscou.<\/p>\n<p>Premier importateur mondial de gaz russe<\/p>\n<p class=\"fig-paragraph\">Selon les derni\u00e8res donn\u00e9es du Centre pour la recherche\u2026<\/p>\n<p class=\"fig-premium-paywall__infos\">\n        Cet article est r\u00e9serv\u00e9 aux abonn\u00e9s.        Il vous reste 74% \u00e0 d\u00e9couvrir.\n    <\/p>\n<p>                <img  data- alt=\"Le Figaro\" class=\"fig-img--complete fig-img\"\/><\/p>\n<p class=\"fig-premium-paywall__title\">Vous avez envie de lire la suite ?<\/p>\n<p class=\"fig-premium-paywall__subtitle\">D\u00e9bloquez tous les articles imm\u00e9diatement.<\/p>\n<p class=\"fig-premium-paywall__connect\">\n                D\u00e9j\u00e0 abonn\u00e9\u00a0?                <a class=\"fig-premium-paywall__connect-link\" href=\"https:\/\/connect.lefigaro.fr\/login?client=horizon_web&amp;type=main&amp;redirect_uri=https%3A%2F%2Fwww.lefigaro.fr%2Fconjoncture%2Fpourquoi-l-ue-est-loin-d-en-finir-avec-les-importations-de-gaz-russe-20251020\" data-js-gtm=\"{&quot;customCategorie&quot;: &quot;conversion&quot;, &quot;customAction&quot;: &quot;before_Landing_Connexion_paywall_auto&quot;, &quot;customLabel&quot;: &quot;bGVmaWdhcm8uZnJfXzFmMGFkZGFkLTU4YTctNjM3MC05YThkLWZkMjU0MGIwNDIyMl9fQXJ0aWNsZQ==_Pourquoi l\u2019UE est loin d\u2019en finir avec les importations de gaz russe\u00a0?_52&quot;, &quot;customIDSPE&quot;: &quot;bGVmaWdhcm8uZnJfXzFmMGFkZGFkLTU4YTctNjM3MC05YThkLWZkMjU0MGIwNDIyMl9fQXJ0aWNsZQ==&quot;, &quot;event&quot;: &quot;customEventSPE&quot;}\" rel=\"nofollow noopener\" target=\"_blank\"><br \/>\n                    Connectez-vous<br \/>\n                <\/a>\n            <\/p>\n","protected":false},"excerpt":{"rendered":"Trois ans et demi apr\u00e8s le d\u00e9but de la guerre en Ukraine, l\u2019UE a r\u00e9ussi \u00e0 se passer&hellip;\n","protected":false},"author":2,"featured_media":477733,"comment_status":"","ping_status":"","sticky":false,"template":"","format":"standard","meta":{"footnotes":""},"categories":[1586],"tags":[11,1777,674,1779,1011,27,843,12,25,132,1778,364],"class_list":{"0":"post-477732","1":"post","2":"type-post","3":"status-publish","4":"format-standard","5":"has-post-thumbnail","7":"category-europe","8":"tag-actualites","9":"tag-eu","10":"tag-europe","11":"tag-european-union","12":"tag-fr","13":"tag-france","14":"tag-gaz","15":"tag-news","16":"tag-republique-francaise","17":"tag-russie","18":"tag-ue","19":"tag-union-europeenne"},"share_on_mastodon":{"url":"https:\/\/pubeurope.com\/@fr\/115408110078681283","error":""},"_links":{"self":[{"href":"https:\/\/www.europesays.com\/fr\/wp-json\/wp\/v2\/posts\/477732","targetHints":{"allow":["GET"]}}],"collection":[{"href":"https:\/\/www.europesays.com\/fr\/wp-json\/wp\/v2\/posts"}],"about":[{"href":"https:\/\/www.europesays.com\/fr\/wp-json\/wp\/v2\/types\/post"}],"author":[{"embeddable":true,"href":"https:\/\/www.europesays.com\/fr\/wp-json\/wp\/v2\/users\/2"}],"replies":[{"embeddable":true,"href":"https:\/\/www.europesays.com\/fr\/wp-json\/wp\/v2\/comments?post=477732"}],"version-history":[{"count":0,"href":"https:\/\/www.europesays.com\/fr\/wp-json\/wp\/v2\/posts\/477732\/revisions"}],"wp:featuredmedia":[{"embeddable":true,"href":"https:\/\/www.europesays.com\/fr\/wp-json\/wp\/v2\/media\/477733"}],"wp:attachment":[{"href":"https:\/\/www.europesays.com\/fr\/wp-json\/wp\/v2\/media?parent=477732"}],"wp:term":[{"taxonomy":"category","embeddable":true,"href":"https:\/\/www.europesays.com\/fr\/wp-json\/wp\/v2\/categories?post=477732"},{"taxonomy":"post_tag","embeddable":true,"href":"https:\/\/www.europesays.com\/fr\/wp-json\/wp\/v2\/tags?post=477732"}],"curies":[{"name":"wp","href":"https:\/\/api.w.org\/{rel}","templated":true}]}}