{"id":477734,"date":"2025-10-20T19:19:12","date_gmt":"2025-10-20T19:19:12","guid":{"rendered":"https:\/\/www.europesays.com\/fr\/477734\/"},"modified":"2025-10-20T19:19:12","modified_gmt":"2025-10-20T19:19:12","slug":"les-europeens-coupent-le-gaz-russe-et-veulent-sincruster-a-budapest-avec-trump-et-poutine","status":"publish","type":"post","link":"https:\/\/www.europesays.com\/fr\/477734\/","title":{"rendered":"Les Europ\u00e9ens coupent le gaz russe et veulent s\u2019incruster \u00e0 Budapest avec Trump et Poutine"},"content":{"rendered":"<p>Vous avez rat\u00e9 les derniers \u00e9v\u00e9nements sur la <a href=\"https:\/\/www.20minutes.fr\/monde\/ukraine\/\" class=\"c-link c-link--is-underlined\" target=\"_blank\" rel=\"noopener\">guerre en Ukraine<\/a>\u00a0? 20 Minutes fait le point pour vous tous les soirs. Voici l\u2019essentiel de ce lundi 20\u00a0octobre, 1.335e jour du conflit.<\/p>\n<p>Le fait du jour<\/p>\n<p>On n\u2019en conna\u00eet encore ni la date ni les modalit\u00e9s exactes mais le sommet de Budapest, en <a href=\"https:\/\/www.20minutes.fr\/dossier\/hongrie\" class=\"c-link c-link--is-underlined\" target=\"_blank\" rel=\"noopener\">Hongrie<\/a>, entre <a href=\"https:\/\/www.20minutes.fr\/dossier\/donald_trump\" class=\"c-link c-link--is-underlined\" target=\"_blank\" rel=\"noopener\">Donald Trump<\/a> et <a href=\"https:\/\/www.20minutes.fr\/monde\/vladimir_poutine\/\" class=\"c-link c-link--is-underlined\" target=\"_blank\" rel=\"noopener\">Vladimir Poutine<\/a> se pr\u00e9pare bien. Ce futur rendez-vous a \u00e9t\u00e9 au centre d\u2019une r\u00e9union t\u00e9l\u00e9phonique \u00ab\u00a0constructive\u00a0\u00bb ce lundi entre Sergue\u00ef Lavrov, le ministre russe des Affaires \u00e9trang\u00e8res, et son homologue am\u00e9ricain Marco Rubio.<\/p>\n<\/p>\n<p>Le sommet de Budapest est surtout tr\u00e8s couru. <a href=\"https:\/\/www.20minutes.fr\/monde\/volodymyr-zelensky\/\" class=\"c-link c-link--is-underlined\" target=\"_blank\" rel=\"noopener\">Volodymyr Zelensky<\/a> s\u2019est d\u00e9clar\u00e9 pr\u00eat \u00e0 s\u2019y joindre, m\u00eame s\u2019il estime que Budapest n\u2019est pas \u00ab\u00a0le meilleur lieu pour cette r\u00e9union\u00a0\u00bb, le Premier ministre hongrois Viktor Orb\u00e1n, \u00e9tant un soutien du Kremlin. \u00ab\u00a0S\u2019il s\u2019agit d\u2019une invitation sous la forme d\u2019une rencontre \u00e0 trois\u00a0\u00bb ou \u00ab\u00a0d\u2019une diplomatie itin\u00e9rante, o\u00f9 le pr\u00e9sident Trump rencontre Poutine et o\u00f9 le pr\u00e9sident Trump me rencontre, alors, sous une forme ou une autre, nous nous mettrons d\u2019accord\u00a0\u00bb, a d\u00e9clar\u00e9 le pr\u00e9sident ukrainien.<\/p>\n<p><a href=\"https:\/\/www.20minutes.fr\/politique\/emmanuel-macron\/\" class=\"c-link c-link--is-underlined\" target=\"_blank\" rel=\"noopener\">Emmanuel Macron<\/a> en a remis une couche peu apr\u00e8s. \u00ab\u00a0A partir du moment o\u00f9 ils discuteraient du sort de l\u2019Ukraine, les Ukrainiens devraient \u00eatre autour de la table. A partir du moment o\u00f9 ils devraient discuter de ce qui impacte la s\u00e9curit\u00e9 des Europ\u00e9ens, les Europ\u00e9ens devraient \u00eatre autour de la table\u00a0\u00bb, a estim\u00e9 le pr\u00e9sident fran\u00e7ais.<\/p>\n<p>Il a ajout\u00e9 qu\u2019une \u00ab\u00a0coalition des volontaires pour partie physique, pour partie virtuelle\u00a0\u00bb, r\u00e9unissant les soutiens de l\u2019Ukraine en pr\u00e9sence du pr\u00e9sident Volodymyr Zelensky, se \u00ab\u00a0tiendra vendredi \u00e0 Londres\u00a0\u00bb.<\/p>\n<p>La phrase du jour<\/p>\n<blockquote class=\"mx-m@xs mx-xxl@md color-ultramarine c-citation\">\n<p class=\"font-weight-regular@xs text-italic font-source-serif-pro text-l@xs c-citation__content\">\u00ab\u00a0\u00ab\u00a0Nous n\u2019allons pas donner la victoire aux Russes\u00a0\u00bb\u00a0\u00bb<\/p>\n<\/blockquote>\n<p>La mise au point de Volodymyr Zelensky pr\u00e8s sa visite \u00e0 Washington vendredi et les propos de Donald Trump qui a sugg\u00e9r\u00e9 des concessions territoriales ukrainiennes en indiquant que Kiev et Moscou \u00ab\u00a0doivent s\u2019arr\u00eater l\u00e0 o\u00f9 ils sont\u00a0\u00bb.<\/p>\n<p>Kaja Kallas, la cheffe de la diplomatie europ\u00e9enne, \u00e9tait ce lundi sur la m\u00eame ligne\u00a0: \u00ab\u00a0L\u2019int\u00e9grit\u00e9 territoriale est une valeur importante que nous d\u00e9fendons, et je pense que nous devons nous y tenir, car si nous abandonnons simplement ces territoires, cela enverra \u00e0 tout le monde le message qu\u2019il suffit d\u2019utiliser la force contre ses voisins pour obtenir ce que l\u2019on veut\u00a0\u00bb, a-t-elle d\u00e9clar\u00e9.<\/p>\n<p>Le chiffre du jour<\/p>\n<p>25. C\u2019est le nombre de syst\u00e8mes antia\u00e9riens am\u00e9ricains Patriot dont l\u2019Ukraine estime avoir besoin pour faire face aux frappes russes. S\u2019il ne les a pas obtenus vendredi de Donald Trump, Volodymyr Zelensky a affirm\u00e9 ce lundi que son voyage aux Etats-Unis lui a permis d\u2019engager sur ce point \u00ab\u00a0des discussions avec des entreprises du secteur de la d\u00e9fense\u00a0\u00bb.<\/p>\n<p>La tendance<\/p>\n<p>L\u2019<a href=\"https:\/\/www.20minutes.fr\/dossier\/ue\" class=\"c-link c-link--is-underlined\" target=\"_blank\" rel=\"noopener\">Union europ\u00e9enne<\/a> a franchi ce lundi une \u00e9tape importante dans ses efforts pour ass\u00e9cher l\u2019\u00e9conomie de guerre de la <a href=\"https:\/\/www.20minutes.fr\/monde\/russie\/\" class=\"c-link c-link--is-underlined\" target=\"_blank\" rel=\"noopener\">Russie<\/a>. La majorit\u00e9 des Etats membres a approuv\u00e9 le principe d\u2019une interdiction, d\u2019ici fin\u00a02027, des importations de gaz naturel russe. La Slovaquie et la Hongrie, tr\u00e8s d\u00e9pendantes des hydrocarbures russes, \u00e9taient oppos\u00e9es \u00e0 cette interdiction mais ont \u00e9t\u00e9 mises en minorit\u00e9.<\/p>\n<p><a href=\"https:\/\/www.20minutes.fr\/monde\/ukraine\/\" target=\"_blank\" class=\"c-link c-btn c-btn--primary\" rel=\"noopener\">Notre dossier sur la guerre en Ukraine<\/a><\/p>\n<p>Ces achats de gaz naturel russe devraient encore repr\u00e9senter 15\u00a0milliards d\u2019euros cette ann\u00e9e, une \u00ab\u00a0absurdit\u00e9\u00a0\u00bb que Donald Trump aime \u00e0 rappeler. \u00ab\u00a0L\u2019Europe doit passer \u00e0 la vitesse sup\u00e9rieure. Elle ne peut pas continuer \u00e0 agir comme elle le fait actuellement. Elle ach\u00e8te du p\u00e9trole et du gaz \u00e0 la Russie alors qu\u2019elle est en conflit avec ce pays. C\u2019est embarrassant pour elle\u00a0\u00bb, avait-il lanc\u00e9 lors de l\u2019Assembl\u00e9e annuelle des Nations unies \u00e0 New York.<\/p>\n<p>L\u2019id\u00e9e de couper le robinet doit maintenant \u00eatre n\u00e9goci\u00e9e avec le Parlement europ\u00e9en.<\/p>\n","protected":false},"excerpt":{"rendered":"Vous avez rat\u00e9 les derniers \u00e9v\u00e9nements sur la guerre en Ukraine\u00a0? 20 Minutes fait le point pour vous&hellip;\n","protected":false},"author":2,"featured_media":477735,"comment_status":"","ping_status":"","sticky":false,"template":"","format":"standard","meta":{"footnotes":""},"categories":[2],"tags":[11,75,1073,73,1011,27,843,131,74,12,25,132,555,135,134],"class_list":{"0":"post-477734","1":"post","2":"type-post","3":"status-publish","4":"format-standard","5":"has-post-thumbnail","7":"category-actualites","8":"tag-actualites","9":"tag-donald-trump","10":"tag-emmanuel-macron","11":"tag-etats-unis","12":"tag-fr","13":"tag-france","14":"tag-gaz","15":"tag-guerre-en-ukraine","16":"tag-monde","17":"tag-news","18":"tag-republique-francaise","19":"tag-russie","20":"tag-union-europeenne-ue","21":"tag-vladimir-poutine","22":"tag-volodymyr-zelensky"},"share_on_mastodon":{"url":"https:\/\/pubeurope.com\/@fr\/115408113812651515","error":""},"_links":{"self":[{"href":"https:\/\/www.europesays.com\/fr\/wp-json\/wp\/v2\/posts\/477734","targetHints":{"allow":["GET"]}}],"collection":[{"href":"https:\/\/www.europesays.com\/fr\/wp-json\/wp\/v2\/posts"}],"about":[{"href":"https:\/\/www.europesays.com\/fr\/wp-json\/wp\/v2\/types\/post"}],"author":[{"embeddable":true,"href":"https:\/\/www.europesays.com\/fr\/wp-json\/wp\/v2\/users\/2"}],"replies":[{"embeddable":true,"href":"https:\/\/www.europesays.com\/fr\/wp-json\/wp\/v2\/comments?post=477734"}],"version-history":[{"count":0,"href":"https:\/\/www.europesays.com\/fr\/wp-json\/wp\/v2\/posts\/477734\/revisions"}],"wp:featuredmedia":[{"embeddable":true,"href":"https:\/\/www.europesays.com\/fr\/wp-json\/wp\/v2\/media\/477735"}],"wp:attachment":[{"href":"https:\/\/www.europesays.com\/fr\/wp-json\/wp\/v2\/media?parent=477734"}],"wp:term":[{"taxonomy":"category","embeddable":true,"href":"https:\/\/www.europesays.com\/fr\/wp-json\/wp\/v2\/categories?post=477734"},{"taxonomy":"post_tag","embeddable":true,"href":"https:\/\/www.europesays.com\/fr\/wp-json\/wp\/v2\/tags?post=477734"}],"curies":[{"name":"wp","href":"https:\/\/api.w.org\/{rel}","templated":true}]}}