{"id":477740,"date":"2025-10-20T19:23:12","date_gmt":"2025-10-20T19:23:12","guid":{"rendered":"https:\/\/www.europesays.com\/fr\/477740\/"},"modified":"2025-10-20T19:23:12","modified_gmt":"2025-10-20T19:23:12","slug":"ball-ligue-b-le-vbc-chalon-a-la-decouverte-du-monde-professionnel","status":"publish","type":"post","link":"https:\/\/www.europesays.com\/fr\/477740\/","title":{"rendered":"ball &#8211; Ligue B. Le VBC Chalon \u00e0 la d\u00e9couverte du monde professionnel"},"content":{"rendered":"<p>                             Chalon &#8211; Saint-Quentin Ce mardi, 20 heures  Comme le dit l\u2019adage, l\u2019amour dure trois ans. Et apr\u00e8s, la passion s\u2019envole. \u00c0 l\u2019image de l\u2019histoire entre le VBC Chalon et le championnat Elite. Apr\u00e8s un maintien obtenu sur les derniers matches de la premi\u00e8re ann\u00e9e, puis apr\u00e8s une saison pour confirmer, les Chalonnais ont r\u00e9alis\u00e9 un nouvel exercice tr\u00e8s abouti qui leur a permis d\u2019obtenir une wild-card d\u2019accession \u00e0 la Ligue B. Et ainsi \u00e9voluer dans un autre monde, celui du professionnalisme. <\/p>\n<p>\u00ab\u00a0On sent qu\u2019on a franchi un cap. Qu\u2019on est entr\u00e9 dans le monde pro. L\u2019exigence n\u2019est plus la m\u00eame et les joueurs l\u2019ont bien compris donc c\u2019est positif\u00a0\u00bb, souligne un Cl\u00e9ment Sattler toujours pr\u00e9sent pour encadrer cette \u00e9quipe qui a connu quelques p\u00e9pins physiques durant la pr\u00e9saison. Et ne pourra ainsi pas compter sur son capitaine Gary Chauvin pendant plusieurs rencontres. \u00ab\u00a0Beaucoup d\u2019\u00e9quipes ont connu des blessures durant la pr\u00e9pa donc nous ne sommes pas un cas isol\u00e9\u00a0\u00bb, temp\u00e8re-t-il.<\/p>\n<p>Un maintien&#8230;                        <\/p>\n","protected":false},"excerpt":{"rendered":"Chalon &#8211; Saint-Quentin Ce mardi, 20 heures Comme le dit l\u2019adage, l\u2019amour dure trois ans. Et apr\u00e8s, la&hellip;\n","protected":false},"author":2,"featured_media":477741,"comment_status":"","ping_status":"","sticky":false,"template":"","format":"standard","meta":{"footnotes":""},"categories":[1417],"tags":[11605,11606,11032,107,1011,27,517,60,1470,1632,1469],"class_list":{"0":"post-477740","1":"post","2":"type-post","3":"status-publish","4":"format-standard","5":"has-post-thumbnail","7":"category-volley","8":"tag-chalon-sur-saone","9":"tag-chalon-ville","10":"tag-edition-chalon-sur-saone","11":"tag-fil-info","12":"tag-fr","13":"tag-france","14":"tag-sport","15":"tag-sports","16":"tag-volley","17":"tag-volley-ball","18":"tag-volleyball"},"share_on_mastodon":{"url":"https:\/\/pubeurope.com\/@fr\/115408129501720504","error":""},"_links":{"self":[{"href":"https:\/\/www.europesays.com\/fr\/wp-json\/wp\/v2\/posts\/477740","targetHints":{"allow":["GET"]}}],"collection":[{"href":"https:\/\/www.europesays.com\/fr\/wp-json\/wp\/v2\/posts"}],"about":[{"href":"https:\/\/www.europesays.com\/fr\/wp-json\/wp\/v2\/types\/post"}],"author":[{"embeddable":true,"href":"https:\/\/www.europesays.com\/fr\/wp-json\/wp\/v2\/users\/2"}],"replies":[{"embeddable":true,"href":"https:\/\/www.europesays.com\/fr\/wp-json\/wp\/v2\/comments?post=477740"}],"version-history":[{"count":0,"href":"https:\/\/www.europesays.com\/fr\/wp-json\/wp\/v2\/posts\/477740\/revisions"}],"wp:featuredmedia":[{"embeddable":true,"href":"https:\/\/www.europesays.com\/fr\/wp-json\/wp\/v2\/media\/477741"}],"wp:attachment":[{"href":"https:\/\/www.europesays.com\/fr\/wp-json\/wp\/v2\/media?parent=477740"}],"wp:term":[{"taxonomy":"category","embeddable":true,"href":"https:\/\/www.europesays.com\/fr\/wp-json\/wp\/v2\/categories?post=477740"},{"taxonomy":"post_tag","embeddable":true,"href":"https:\/\/www.europesays.com\/fr\/wp-json\/wp\/v2\/tags?post=477740"}],"curies":[{"name":"wp","href":"https:\/\/api.w.org\/{rel}","templated":true}]}}