{"id":477743,"date":"2025-10-20T19:25:11","date_gmt":"2025-10-20T19:25:11","guid":{"rendered":"https:\/\/www.europesays.com\/fr\/477743\/"},"modified":"2025-10-20T19:25:11","modified_gmt":"2025-10-20T19:25:11","slug":"atp-quest-ce-que-zverev-vient-faire-la-cest-pour-un-betisier-lui-qui-se-plaint-continuellement-depuis-des-mois-de-son-dos-sous-injections-setonne-benoit-maylin","status":"publish","type":"post","link":"https:\/\/www.europesays.com\/fr\/477743\/","title":{"rendered":"ATP > \u00ab\u00a0Qu&rsquo;est-ce que Zverev vient faire l\u00e0, c&rsquo;est pour un b\u00eatisier ? Lui qui se plaint continuellement depuis des mois de son dos sous injections\u00a0\u00bb, s&rsquo;\u00e9tonne Beno\u00eet Maylin"},"content":{"rendered":"<p>Alors qu\u2019Alexander Zverev fait partie, contre toute attente, de la s\u00e9lec\u00adtion alle\u00admande pour les phases finales de la Coupe Davis qui auront lieu \u00e0 Bologne, en Italie, du 18 au 23 novembre, plusieurs obser\u00adva\u00adteurs, dont notre confr\u00e8re, Beno\u00eet Maylin, ont fait part de leur incompr\u00e9hension.<\/p>\n<p>Et pour cause, le joueur alle\u00admand ne cesse de r\u00e9p\u00e9ter qu\u2019il n\u2019est pas en bonne sant\u00e9 depuis plusieurs semaines.<\/p>\n<blockquote class=\"twitter-tweet\">\n<p lang=\"fr\" dir=\"ltr\">\ud83d\ude33 \u00c0 l\u2019inverse de Sinner, qu\u2019est-ce que Zverev vient faire l\u00e0, lui qui n\u2019a jamais jou\u00e9 de coupe Davis en fin d\u2019ann\u00e9e, et qui se plaint conti\u00adnuel\u00adle\u00adment depuis des mois de son dos sous injec\u00adtions ?!<\/p>\n<p>C\u2019est pour un b\u00eati\u00adsier ?! <a href=\"https:\/\/t.co\/TZKHRoWplR\" data-wpel-link=\"external\" target=\"_blank\" rel=\"nofollow external noopener\">https:\/\/t.co\/TZKHRoWplR<\/a><\/p>\n<p>\u2014 Benoit Maylin (@BenoitMaylin) <a href=\"https:\/\/twitter.com\/BenoitMaylin\/status\/1980307788388782179?ref_src=twsrc%5Etfw\" data-wpel-link=\"external\" target=\"_blank\" rel=\"nofollow external noopener\">October 20,\u00a02025<\/a><\/p><\/blockquote>\n<p><strong>\u00ab\u202f\u00c0 l\u2019inverse de Sinner (<a href=\"https:\/\/www.welovetennis.fr\/atp\/jannik-sinner-fait-un-choix-radical-pour-la-fin-de-saison\" data-wpel-link=\"internal\" target=\"_blank\" rel=\"noopener\">qui a d\u00e9clar\u00e9 forfait<\/a>, ndlr), qu\u2019est-ce que Zverev vient faire l\u00e0, lui qui n\u2019a jamais jou\u00e9 de coupe Davis en fin d\u2019ann\u00e9e, et qui se plaint conti\u00adnuel\u00adle\u00adment depuis des mois de son dos sous injec\u00adtions ?! C\u2019est pour un b\u00eati\u00adsier ?!\u202f\u00bb<\/strong>, a \u00e9crit Beno\u00eet dans son style si particulier<\/p>\n<p class=\"post-published-date\" style=\"color: silver; font-size: 75%; text-align: left;\">Publi\u00e9 le lundi 20 octobre 2025 \u00e0 19:09<\/p>\n<p><script async src=\"https:\/\/platform.twitter.com\/widgets.js\" charset=\"utf-8\"><\/script><\/p>\n","protected":false},"excerpt":{"rendered":"Alors qu\u2019Alexander Zverev fait partie, contre toute attente, de la s\u00e9lec\u00adtion alle\u00admande pour les phases finales de la&hellip;\n","protected":false},"author":2,"featured_media":477744,"comment_status":"","ping_status":"","sticky":false,"template":"","format":"standard","meta":{"footnotes":""},"categories":[1415],"tags":[1011,27,2127,60,1467,4542],"class_list":{"0":"post-477743","1":"post","2":"type-post","3":"status-publish","4":"format-standard","5":"has-post-thumbnail","7":"category-tennis","8":"tag-fr","9":"tag-france","10":"tag-sinner","11":"tag-sports","12":"tag-tennis","13":"tag-zverev"},"share_on_mastodon":{"url":"https:\/\/pubeurope.com\/@fr\/115408137290868399","error":""},"_links":{"self":[{"href":"https:\/\/www.europesays.com\/fr\/wp-json\/wp\/v2\/posts\/477743","targetHints":{"allow":["GET"]}}],"collection":[{"href":"https:\/\/www.europesays.com\/fr\/wp-json\/wp\/v2\/posts"}],"about":[{"href":"https:\/\/www.europesays.com\/fr\/wp-json\/wp\/v2\/types\/post"}],"author":[{"embeddable":true,"href":"https:\/\/www.europesays.com\/fr\/wp-json\/wp\/v2\/users\/2"}],"replies":[{"embeddable":true,"href":"https:\/\/www.europesays.com\/fr\/wp-json\/wp\/v2\/comments?post=477743"}],"version-history":[{"count":0,"href":"https:\/\/www.europesays.com\/fr\/wp-json\/wp\/v2\/posts\/477743\/revisions"}],"wp:featuredmedia":[{"embeddable":true,"href":"https:\/\/www.europesays.com\/fr\/wp-json\/wp\/v2\/media\/477744"}],"wp:attachment":[{"href":"https:\/\/www.europesays.com\/fr\/wp-json\/wp\/v2\/media?parent=477743"}],"wp:term":[{"taxonomy":"category","embeddable":true,"href":"https:\/\/www.europesays.com\/fr\/wp-json\/wp\/v2\/categories?post=477743"},{"taxonomy":"post_tag","embeddable":true,"href":"https:\/\/www.europesays.com\/fr\/wp-json\/wp\/v2\/tags?post=477743"}],"curies":[{"name":"wp","href":"https:\/\/api.w.org\/{rel}","templated":true}]}}