{"id":477747,"date":"2025-10-20T19:28:11","date_gmt":"2025-10-20T19:28:11","guid":{"rendered":"https:\/\/www.europesays.com\/fr\/477747\/"},"modified":"2025-10-20T19:28:11","modified_gmt":"2025-10-20T19:28:11","slug":"grand-prix-du-canada-2026-decouvrez-lexperience-cgv","status":"publish","type":"post","link":"https:\/\/www.europesays.com\/fr\/477747\/","title":{"rendered":"Grand Prix du Canada 2026 : d\u00e9couvrez l\u2019Exp\u00e9rience CGV"},"content":{"rendered":"<p><strong>Groupe de course Octane, promoteur officiel du\u00a0Formula 1 Lenovo Grand Prix du Canada 2026, d\u00e9voile une toute nouvelle exp\u00e9rience qui marie\u00a0course, musique et ambiance de festival:\u00a0l\u2019Exp\u00e9rience CGV.<\/strong><\/p>\n<p>Apr\u00e8s le succ\u00e8s retentissant de la mise en vente pour l\u2019\u00e9dition 2025, cette nouvelle offre permettra \u00e0 un plus grand nombre de fans de plonger dans\u00a0<strong>l\u2019atmosph\u00e8re unique du circuit Gilles-Villeneuve<\/strong>\u00a0lors du week-end du\u00a0<strong>22 au 24 mai 2026<\/strong>.<\/p>\n<p>Situ\u00e9e \u00e0 la\u00a0<strong>plage Jean-Dor\u00e9<\/strong>\u00a0(parc Jean-Drapeau),\u00a0<strong>l\u2019Exp\u00e9rience CGV<\/strong>\u00a0promet trois jours d\u2019\u00e9motions fortes entre\u00a0<strong>action sur piste<\/strong>\u00a0et\u00a0<strong>programmation musicale 100 % canadienne<\/strong>, mettant en vedette\u00a0<strong>Bryan Adams<\/strong>,\u00a0<strong>Simple Plan<\/strong>,\u00a0<strong>Alessia Cara<\/strong>,\u00a0<strong>The Beaches<\/strong>, ainsi que\u00a0<strong>Matt Lang<\/strong>\u00a0et\u00a0<strong>Dean Brody<\/strong>.<\/p>\n<p><strong>Accessible de 8 h \u00e0 23 h<\/strong>, cette nouvelle formule combine l\u2019\u00e9nergie du Grand Prix et la convivialit\u00e9 d\u2019un festival \u2014 un espace pens\u00e9 pour vivre le Grand Prix autrement, au rythme des moteurs et de la musique.<\/p>\n<p>Les d\u00e9tenteurs de <strong>billets Exp\u00e9rience CGV<\/strong> profiteront d\u2019un acc\u00e8s \u00e0 :<\/p>\n<ul class=\"wp-block-list\">\n<li>Concerts exclusifs en soir\u00e9e<\/li>\n<li>\u00c9cran g\u00e9ant pour suivre toutes les courses en direct en journ\u00e9e<\/li>\n<li>Animations entre les \u00e9preuves<\/li>\n<li>Zones confort et places assises limit\u00e9es<\/li>\n<li>Espaces d\u2019ombrage pour se d\u00e9tendre \u00e0 l\u2019abri du soleil<\/li>\n<li>Concessions alimentaires \u00e0 proximit\u00e9<\/li>\n<li>Espace toilettes premium pour un confort optimal tout au long de la journ\u00e9e<\/li>\n<\/ul>\n<p>CONCERTS CGV \u2013 PROGRAMMATION 2026<\/p>\n<ul class=\"wp-block-list\">\n<li><strong>Vendredi 22 mai :<\/strong> Simple Plan avec Matt Lang en premi\u00e8re partie<\/li>\n<li><strong>Samedi 23 mai :<\/strong> Bryan Adams avec Dean Brody en premi\u00e8re partie<\/li>\n<li><strong>Dimanche 24 mai :<\/strong> Alessia Cara et The Beaches<\/li>\n<\/ul>\n<p>Trois soirs, trois ambiances, <strong>une seule exp\u00e9rience CGV<\/strong>, l\u2019endroit o\u00f9 la musique prolonge l\u2019adr\u00e9naline du circuit.<\/p>\n<p>Les d\u00e9tenteurs de billets du Grand Prix du Canada 2026 b\u00e9n\u00e9ficieront d\u2019une <strong>pr\u00e9vente exclusive<\/strong> du <strong>mardi 21 octobre \u00e0 10 h 00<\/strong> au <strong>jeudi 23 octobre \u00e0 9 h 59<\/strong>. La <strong>mise en vente g\u00e9n\u00e9rale<\/strong> d\u00e9butera le <strong>jeudi 23 octobre \u00e0 10 h 00<\/strong>, exclusivement sur <strong>gpcanada.ca<\/strong>.<\/p>\n<p><strong>Tarifs :<\/strong><\/p>\n<ul class=\"wp-block-list\">\n<li>Vendredi : 250 $ + taxes<\/li>\n<li>Samedi : 350 $ + taxes<\/li>\n<li>Dimanche : 350 $ + taxes<\/li>\n<\/ul>\n<p><strong>Quantit\u00e9s limit\u00e9es :<\/strong> les billets risquent de s\u2019envoler rapidement. Soyez dans les premiers \u00e0 vous procurer vos billets et obtenez une <strong>casquette officielle CGV<\/strong> d\u2019une valeur de 45 $.<br \/>Ne manquez pas votre chance de vivre le Grand Prix du Canada au rythme de l\u2019Exp\u00e9rience CGV. Les spectacles auront lieu <strong>beau temps, mauvais temps<\/strong>.<\/p>\n<p><strong>REMERCIEMENTS\u00a0<\/strong><\/p>\n<p>Le\u00a0<strong>Groupe de course Octane<\/strong>\u00a0profite de l\u2019occasion pour remercier la\u00a0<strong>Soci\u00e9t\u00e9 du Parc Jean-Drapeau, Tourisme Montr\u00e9al,<\/strong>\u00a0le\u00a0<strong>Gouvernement du Qu\u00e9bec<\/strong>\u00a0et le\u00a0<strong>Gouvernement du Canada<\/strong>,\u00a0<strong>Bell<\/strong>, l\u2019ensemble de\u00a0<strong>nos pr\u00e9cieux partenaires et commanditaires<\/strong>\u00a0ainsi, que\u00a0<strong>\u00a0notre client\u00e8le fid\u00e8le<\/strong>.<\/p>\n<p>Pour en savoir plus et planifier votre exp\u00e9rience, visitez\u00a0<strong><a href=\"http:\/\/gpcanada.ca\/\" target=\"_blank\" rel=\"noreferrer noopener nofollow\">gpcanada.ca<\/a><\/strong>.<\/p>\n<p><strong>\u00c0 PROPOS DU GROUPE DE COURSE OCTANE<\/strong><\/p>\n<p>Entreprise canadienne \u00e9tablie \u00e0 Montr\u00e9al, Groupe de course Octane est le promoteur officiel du FORMULA 1 GRAND PRIX DU CANADA, en vertu d\u2019une entente conclue avec Formula One Administration Limited et Formula 1 World Championship Limited (ensemble, le d\u00e9tenteur des droits de commercialisation de la F1). En 2021, Bell a fait l\u2019acquisition des activit\u00e9s du Groupe de course Octane qui fonctionne comme entit\u00e9 autonome au sein du groupe d\u2019entreprises Bell.<\/p>\n","protected":false},"excerpt":{"rendered":"Groupe de course Octane, promoteur officiel du\u00a0Formula 1 Lenovo Grand Prix du Canada 2026, d\u00e9voile une toute nouvelle&hellip;\n","protected":false},"author":2,"featured_media":477748,"comment_status":"","ping_status":"","sticky":false,"template":"","format":"standard","meta":{"footnotes":""},"categories":[1412],"tags":[1451,1452,1453,1454,1455,1011,27,60],"class_list":{"0":"post-477747","1":"post","2":"type-post","3":"status-publish","4":"format-standard","5":"has-post-thumbnail","7":"category-f1","8":"tag-f1","9":"tag-formula-1","10":"tag-formula1","11":"tag-formule-1","12":"tag-formule1","13":"tag-fr","14":"tag-france","15":"tag-sports"},"share_on_mastodon":{"url":"https:\/\/pubeurope.com\/@fr\/115408149172390128","error":""},"_links":{"self":[{"href":"https:\/\/www.europesays.com\/fr\/wp-json\/wp\/v2\/posts\/477747","targetHints":{"allow":["GET"]}}],"collection":[{"href":"https:\/\/www.europesays.com\/fr\/wp-json\/wp\/v2\/posts"}],"about":[{"href":"https:\/\/www.europesays.com\/fr\/wp-json\/wp\/v2\/types\/post"}],"author":[{"embeddable":true,"href":"https:\/\/www.europesays.com\/fr\/wp-json\/wp\/v2\/users\/2"}],"replies":[{"embeddable":true,"href":"https:\/\/www.europesays.com\/fr\/wp-json\/wp\/v2\/comments?post=477747"}],"version-history":[{"count":0,"href":"https:\/\/www.europesays.com\/fr\/wp-json\/wp\/v2\/posts\/477747\/revisions"}],"wp:featuredmedia":[{"embeddable":true,"href":"https:\/\/www.europesays.com\/fr\/wp-json\/wp\/v2\/media\/477748"}],"wp:attachment":[{"href":"https:\/\/www.europesays.com\/fr\/wp-json\/wp\/v2\/media?parent=477747"}],"wp:term":[{"taxonomy":"category","embeddable":true,"href":"https:\/\/www.europesays.com\/fr\/wp-json\/wp\/v2\/categories?post=477747"},{"taxonomy":"post_tag","embeddable":true,"href":"https:\/\/www.europesays.com\/fr\/wp-json\/wp\/v2\/tags?post=477747"}],"curies":[{"name":"wp","href":"https:\/\/api.w.org\/{rel}","templated":true}]}}