{"id":477762,"date":"2025-10-20T19:36:16","date_gmt":"2025-10-20T19:36:16","guid":{"rendered":"https:\/\/www.europesays.com\/fr\/477762\/"},"modified":"2025-10-20T19:36:16","modified_gmt":"2025-10-20T19:36:16","slug":"on-sait-enfin-a-quoi-ressembleront-les-acteurs-qui-incarneront-harry-hermione-et-ron-dans-la-serie","status":"publish","type":"post","link":"https:\/\/www.europesays.com\/fr\/477762\/","title":{"rendered":"on sait enfin \u00e0 quoi ressembleront les acteurs qui incarneront Harry, Hermione et Ron dans la s\u00e9rie"},"content":{"rendered":"<p>Depuis des mois, les rumeurs enflent et l\u2019attente grandit autour<br \/>\nde la nouvelle s\u00e9rie Harry Potter en pr\u00e9paration. Et, comme vient<br \/>\nde l\u2019annoncer le magazine <a href=\"https:\/\/www.gala.fr\/l_actu\/news_de_stars\/harry-potter-adapte-en-serie-on-sait-qui-incarnera-les-3-roles-principaux-20250528\" target=\"_blank\" rel=\"nofollow noopener\">Gala<\/a>, un cap a<br \/>\n\u00e9t\u00e9 franchi. En effet, la cha\u00eene HBO, qui produit cette<br \/>\n<strong>adaptation ambitieuse de la c\u00e9l\u00e8bre saga<br \/>\nlitt\u00e9raire<\/strong>, a lev\u00e9 le voile sur le casting tant attendu du<br \/>\ntrio principal.<\/p>\n<p>Apr\u00e8s Daniel Radcliffe, Emma Watson et Rupert Grint, trois<br \/>\njeunes acteurs ont \u00e9t\u00e9 choisis pour reprendre le flambeau dans<br \/>\n<strong>les r\u00f4les embl\u00e9matiques d\u2019Harry, Hermione et Ron<\/strong>.<br \/>\nUne annonce qui ravive l\u2019engouement des <a href=\"https:\/\/www.mariefrance.fr\/news-people\/harry-potter-interprete-dudley-dursley-reapparait-meconnaissable-festival-cannes-1166543.html\" target=\"_blank\" rel=\"noopener nofollow\">fans de la premi\u00e8re heure<\/a>,<br \/>\nd\u00a0\u00bbautant plus qu&rsquo;une rediffusion du premier volet, Harry Potter<br \/>\n\u00e0 l&rsquo;\u00e9cole des sorciers, est pr\u00e9vue pour ce mardi 21 octobre<br \/>\nsur TF1.<\/p>\n<p>Un nouveau trio pour la s\u00e9rie Harry Potter<\/p>\n<p>Le r\u00f4le du jeune sorcier \u00e0 la cicatrice l\u00e9gendaire sera incarn\u00e9<br \/>\npar Dominic McLaughlin. Tandis que celui de son amie brillante<br \/>\nHermione Granger revient \u00e0 Arabella Stanton. Le personnage de Ron<br \/>\nWeasley sera quant \u00e0 lui interpr\u00e9t\u00e9 par Alastair Stout.<br \/>\nS\u00e9lectionn\u00e9s parmi plus de 32 000 candidats, ces trois jeunes<br \/>\ncom\u00e9diens ont \u00e9t\u00e9 d\u00e9sign\u00e9s par la production pour leur naturel,<br \/>\nleur talent et <strong>leur capacit\u00e9 \u00e0 incarner la magie du monde<br \/>\nimagin\u00e9 par J.K. Rowling<\/strong>. Dans un communiqu\u00e9 relay\u00e9 par la<br \/>\npresse britannique, les producteurs n\u2019ont pas tari d\u2019\u00e9loges \u00e0 leur<br \/>\n\u00e9gard.<\/p>\n<p>Ils \u00e9voquent notamment leur \u00ab talent unique \u00bb et leur<br \/>\n\u00ab alchimie prometteuse \u00e0 l\u2019\u00e9cran \u00bb. Ce choix de casting<br \/>\nvient donner une nouvelle dimension au projet. Car cette s\u00e9rie<br \/>\nentend adapter fid\u00e8lement les romans originaux en d\u00e9veloppant<br \/>\nchaque tome sur une saison compl\u00e8te. <strong>Le tournage doit<br \/>\nd\u00e9buter cet \u00e9t\u00e9 en Angleterre<\/strong>, pour une diffusion pr\u00e9vue<br \/>\nentre 2026 et 2027 sur la plateforme Max. Un rendez-vous d\u2019ores et<br \/>\nd\u00e9j\u00e0 marqu\u00e9 dans l\u2019agenda des fans.<\/p>\n<p><img loading=\"lazy\" decoding=\"async\" aria-describedby=\"caption-attachment-450735\" itemprop=\"thumbnailUrl\" class=\"wp-image-450735 img-responsive size-medium\" src=\"https:\/\/www.europesays.com\/fr\/wp-content\/uploads\/2025\/10\/sans-titre-73-680x382.png\" alt=\"&lt;p&gt;Hermione dans Harry Potter&lt;\/p&gt;\" width=\"680\" height=\"382\"\/> \u00a9 DR<\/p>\n<p id=\"caption-attachment-450735\" class=\"wp-caption-text\">Le r\u00f4le<br \/>\nd\u2019Hermione Granger, interpr\u00e9t\u00e9 \u00e0 l\u2019origine par Emma Watson, revient<br \/>\n\u00e0 Arabella Stanton.<\/p>\n<p>Des visages connus dans la future s\u00e9rie Harry Potter<\/p>\n<p>Parall\u00e8lement \u00e0 l\u2019annonce du nouveau trio, le reste de la<br \/>\ndistribution commence \u00e9galement \u00e0 se dessiner. Notamment du c\u00f4t\u00e9<br \/>\ndes professeurs de l\u2019\u00e9cole de sorcellerie de Poudlard. Le r\u00f4le<br \/>\nd\u2019Albus Dumbledore sera port\u00e9 par John Lithgow. <strong>L\u2019acteur a<br \/>\nd\u00e9j\u00e0 \u00e9t\u00e9 salu\u00e9 pour ses performances<\/strong> dans The<br \/>\nCrown et Conclave. Janet McTeer pr\u00eatera ses traits \u00e0<br \/>\nMinerva McGonagall. Et <a href=\"https:\/\/www.mariefrance.fr\/news-people\/harry-potter-adapte-serie-paapa-essiedu-interpretera-professeur-rogue-1150824.html\" target=\"_blank\" rel=\"noopener nofollow\">Paapa Essiedu<\/a>, r\u00e9v\u00e9l\u00e9 dans I<br \/>\nMay Destroy You et Black Mirror, endossera le r\u00f4le du complexe<br \/>\net charismatique Severus Rogue.<\/p>\n<p>D\u2019autres figures famili\u00e8res feront leur retour sous les traits<br \/>\nde nouveaux acteurs. L\u2019humoriste britannique Nick Frost deviendra<br \/>\nle g\u00e9ant au c\u0153ur tendre Hagrid. Luke Thallon sera le timide<br \/>\nprofesseur Quirrell. Et Paul Whitehouse pr\u00eatera ses traits \u00e0 Argus<br \/>\nRusard, le concierge de Poudlard. L\u2019\u00e9quipe cr\u00e9ative derri\u00e8re la<br \/>\ns\u00e9rie, men\u00e9e par Francesca Gardiner et Mark Mylod, a exprim\u00e9 sa<br \/>\nsatisfaction de <strong>pouvoir compter sur un casting aussi<br \/>\nsolide<\/strong> pour r\u00e9inventer cet univers culte.<\/p>\n<p><img loading=\"lazy\" decoding=\"async\" aria-describedby=\"caption-attachment-1150830\" class=\"wp-image-1150830 img-responsive size-medium\" src=\"https:\/\/www.europesays.com\/fr\/wp-content\/uploads\/2025\/10\/harry-potter-680x383.jpg\" alt=\"Harry Potter acteur\" width=\"680\" height=\"383\"\/><br \/>\n\u00a9<br \/>\nDR<\/p>\n<p id=\"caption-attachment-1150830\" class=\"wp-caption-text\">Paapa<br \/>\nEssiedu fait son entr\u00e9e dans la s\u00e9rie Harry Potter<\/p>\n<p>La s\u00e9rie Harry Potter : un d\u00e9fi<br \/>\ncolossal pour HBO et Warner Bros.<\/p>\n<p>Adapter Harry Potter en s\u00e9rie repr\u00e9sente un pari audacieux pour<br \/>\nHBO et Warner Bros. Studios. Car, il s\u2019agit d\u2019abord de satisfaire<br \/>\nune immense communaut\u00e9 de fans, tr\u00e8s attach\u00e9e aux films originaux.<br \/>\nMais aussi de s\u00e9duire un nouveau public, plus jeune, <strong>avec<br \/>\nune version plus fid\u00e8le aux romans<\/strong>. Chaque d\u00e9tail sera<br \/>\nscrut\u00e9 \u00e0 la loupe. Des d\u00e9cors aux effets sp\u00e9ciaux, en passant bien<br \/>\ns\u00fbr par les performances des acteurs. De plus, la s\u00e9rie s\u2019inscrit<br \/>\ndans une strat\u00e9gie plus large de Warner Bros. Discovery, qui mise<br \/>\nsur ses licences phares pour alimenter son offre de streaming.<\/p>\n<blockquote class=\"twitter-tweet\"><p><a class=\"twitter-link\" rel=\"noindex, nofollow noopener\" href=\"https:\/\/twitter.com\/mariefrancemag\/status\/1899822436297687466\" target=\"_blank\"><\/p><\/blockquote>\n<p>Il reste encore beaucoup \u00e0 d\u00e9couvrir sur cette s\u00e9rie qui n\u2019en<br \/>\nest qu\u2019\u00e0 ses pr\u00e9mices. Mais l\u2019annonce du casting principal vient<br \/>\nrenforcer l\u2019id\u00e9e que le projet est bel et bien lanc\u00e9. Avec une<br \/>\n\u00e9quipe exp\u00e9riment\u00e9e aux commandes et une volont\u00e9 affich\u00e9e de rester<br \/>\n<a href=\"https:\/\/www.mariefrance.fr\/culture\/george-ryan-et-moi\/33-details-caches-que-vous-aviez-rate-dans-la-saga-harry-potter-483925.html\" target=\"_blank\" rel=\"noopener nofollow\">fid\u00e8le \u00e0 l\u2019esprit des romans<\/a>.<br \/>\nAinsi, HBO mise sur <strong>un retour en grande pompe<\/strong> d\u2019un<br \/>\nmonde qui a marqu\u00e9 des g\u00e9n\u00e9rations. Reste \u00e0 savoir si la magie<br \/>\nop\u00e9rera une nouvelle fois \u00e0 l\u2019\u00e9cran.<\/p>\n<p><script async src=\"https:\/\/platform.twitter.com\/widgets.js\" charset=\"utf-8\"><\/script><\/p>\n","protected":false},"excerpt":{"rendered":"Depuis des mois, les rumeurs enflent et l\u2019attente grandit autour de la nouvelle s\u00e9rie Harry Potter en pr\u00e9paration.&hellip;\n","protected":false},"author":2,"featured_media":477763,"comment_status":"","ping_status":"","sticky":false,"template":"","format":"standard","meta":{"footnotes":""},"categories":[1354],"tags":[21303,58,59,1346,1011,27,1360,6055],"class_list":{"0":"post-477762","1":"post","2":"type-post","3":"status-publish","4":"format-standard","5":"has-post-thumbnail","7":"category-films","8":"tag-buzz_nonli","9":"tag-divertissement","10":"tag-entertainment","11":"tag-films","12":"tag-fr","13":"tag-france","14":"tag-movies","15":"tag-republishing"},"share_on_mastodon":{"url":"https:\/\/pubeurope.com\/@fr\/115408180849694331","error":""},"_links":{"self":[{"href":"https:\/\/www.europesays.com\/fr\/wp-json\/wp\/v2\/posts\/477762","targetHints":{"allow":["GET"]}}],"collection":[{"href":"https:\/\/www.europesays.com\/fr\/wp-json\/wp\/v2\/posts"}],"about":[{"href":"https:\/\/www.europesays.com\/fr\/wp-json\/wp\/v2\/types\/post"}],"author":[{"embeddable":true,"href":"https:\/\/www.europesays.com\/fr\/wp-json\/wp\/v2\/users\/2"}],"replies":[{"embeddable":true,"href":"https:\/\/www.europesays.com\/fr\/wp-json\/wp\/v2\/comments?post=477762"}],"version-history":[{"count":0,"href":"https:\/\/www.europesays.com\/fr\/wp-json\/wp\/v2\/posts\/477762\/revisions"}],"wp:featuredmedia":[{"embeddable":true,"href":"https:\/\/www.europesays.com\/fr\/wp-json\/wp\/v2\/media\/477763"}],"wp:attachment":[{"href":"https:\/\/www.europesays.com\/fr\/wp-json\/wp\/v2\/media?parent=477762"}],"wp:term":[{"taxonomy":"category","embeddable":true,"href":"https:\/\/www.europesays.com\/fr\/wp-json\/wp\/v2\/categories?post=477762"},{"taxonomy":"post_tag","embeddable":true,"href":"https:\/\/www.europesays.com\/fr\/wp-json\/wp\/v2\/tags?post=477762"}],"curies":[{"name":"wp","href":"https:\/\/api.w.org\/{rel}","templated":true}]}}