{"id":477764,"date":"2025-10-20T19:37:12","date_gmt":"2025-10-20T19:37:12","guid":{"rendered":"https:\/\/www.europesays.com\/fr\/477764\/"},"modified":"2025-10-20T19:37:12","modified_gmt":"2025-10-20T19:37:12","slug":"cet-aliment-surprenant-tres-riche-en-vitamine-d-pourrait-renforcer-vos-defenses-cet-hiver","status":"publish","type":"post","link":"https:\/\/www.europesays.com\/fr\/477764\/","title":{"rendered":"Cet aliment surprenant, tr\u00e8s riche en vitamine D, pourrait renforcer vos d\u00e9fenses cet hiver"},"content":{"rendered":"<p class=\"rev-margin-0 rev-text-sm-bold\">La r\u00e9daction n&rsquo;a pas particip\u00e9 \u00e0 la r\u00e9alisation de ce contenu<\/p>\n<p>Les champignons, un alli\u00e9 inattendu de votre syst\u00e8me immunitaire<\/p>\n<p>L\u2019hiver s\u2019installe avec son cort\u00e8ge de rhumes et de coups de fatigue. Les champignons, riches en vitamine D, offrent un coup de pouce simple pour soutenir les d\u00e9fenses de l\u2019organisme lorsque l\u2019ensoleillement se fait rare.<\/p>\n<p>Pourquoi miser sur la vitamine D en hiver ?<\/p>\n<p>Indispensable au bon fonctionnement du syst\u00e8me immunitaire, la vitamine D aide \u00e0 mieux affronter les virus saisonniers, notamment la grippe et le Covid. Entre octobre et mars, la synth\u00e8se cutan\u00e9e chute avec la baisse de l\u2019exposition au soleil, ce qui accro\u00eet le risque de d\u00e9ficit.<\/p>\n<p>Adapter son assiette devient alors strat\u00e9gique. Les champignons se distinguent par leur apport naturel, faciles \u00e0 cuisiner et abordables du petit-d\u00e9jeuner au d\u00eener. Privil\u00e9gier ceux issus d\u2019une exposition aux UV permet d\u2019augmenter nettement leur teneur en vitamine D.<\/p>\n<p>Une sant\u00e9 pr\u00e9serv\u00e9e passe aussi par la pr\u00e9vention<\/p>\n<p>Au-del\u00e0 de l\u2019alimentation, les autorit\u00e9s sanitaires fran\u00e7aises recommandent la vaccination contre la grippe et les formes graves de Covid, ainsi qu\u2019une hygi\u00e8ne de vie \u00e9quilibr\u00e9e (sommeil r\u00e9gulier, activit\u00e9 physique, gestion du stress).<\/p>\n<p>Un r\u00e9gime vari\u00e9 compl\u00e8te ces mesures. En plus des champignons, miser sur les \u0153ufs, les poissons gras (saumon, maquereau, sardine) et la viande rouge aide \u00e0 couvrir les apports en vitamine D.<\/p>\n<p>Les bons r\u00e9flexes nutritionnels de l\u2019hiver<\/p>\n<p>L\u2019association judicieuse de nutriments renforce l\u2019efficacit\u00e9 globale :<\/p>\n<ul>\n<li>Ajouter des sources de vitamine C (agrumes, poivrons, kiwi) pour soutenir les d\u00e9fenses.<\/li>\n<li>Int\u00e9grer des om\u00e9ga\u20113 (noix, graines de lin, huiles de colza ou de noix) pour renforcer l\u2019effet anti-inflammatoire.<\/li>\n<\/ul>\n<p>Des gestes simples, associ\u00e9s \u00e0 une consommation r\u00e9guli\u00e8re de champignons, aident \u00e0 traverser les mois froids avec davantage de s\u00e9r\u00e9nit\u00e9.<\/p>\n<p>Un choix simple pour une grande diff\u00e9rence<\/p>\n<p>Faciles \u00e0 pr\u00e9parer et abordables, les champignons se glissent en po\u00eal\u00e9e, en velout\u00e9 ou en omelette pour enrichir les repas en vitamine D sans complication. Les inclure r\u00e9guli\u00e8rement sur la liste de courses est une fa\u00e7on pratique de soutenir son immunit\u00e9 tout l\u2019hiver.<\/p>\n","protected":false},"excerpt":{"rendered":"La r\u00e9daction n&rsquo;a pas particip\u00e9 \u00e0 la r\u00e9alisation de ce contenu Les champignons, un alli\u00e9 inattendu de votre&hellip;\n","protected":false},"author":2,"featured_media":477765,"comment_status":"","ping_status":"","sticky":false,"template":"","format":"standard","meta":{"footnotes":""},"categories":[10],"tags":[17,48925,33318,1011,27,72,2864,14660,71,56524,933,49514],"class_list":{"0":"post-477764","1":"post","2":"type-post","3":"status-publish","4":"format-standard","5":"has-post-thumbnail","7":"category-sante","8":"tag-17","9":"tag-aliment","10":"tag-cet","11":"tag-fr","12":"tag-france","13":"tag-health","14":"tag-pourrait","15":"tag-riche","16":"tag-sante","17":"tag-surprenant","18":"tag-tres","19":"tag-vitamine"},"share_on_mastodon":{"url":"https:\/\/pubeurope.com\/@fr\/115408184712651955","error":""},"_links":{"self":[{"href":"https:\/\/www.europesays.com\/fr\/wp-json\/wp\/v2\/posts\/477764","targetHints":{"allow":["GET"]}}],"collection":[{"href":"https:\/\/www.europesays.com\/fr\/wp-json\/wp\/v2\/posts"}],"about":[{"href":"https:\/\/www.europesays.com\/fr\/wp-json\/wp\/v2\/types\/post"}],"author":[{"embeddable":true,"href":"https:\/\/www.europesays.com\/fr\/wp-json\/wp\/v2\/users\/2"}],"replies":[{"embeddable":true,"href":"https:\/\/www.europesays.com\/fr\/wp-json\/wp\/v2\/comments?post=477764"}],"version-history":[{"count":0,"href":"https:\/\/www.europesays.com\/fr\/wp-json\/wp\/v2\/posts\/477764\/revisions"}],"wp:featuredmedia":[{"embeddable":true,"href":"https:\/\/www.europesays.com\/fr\/wp-json\/wp\/v2\/media\/477765"}],"wp:attachment":[{"href":"https:\/\/www.europesays.com\/fr\/wp-json\/wp\/v2\/media?parent=477764"}],"wp:term":[{"taxonomy":"category","embeddable":true,"href":"https:\/\/www.europesays.com\/fr\/wp-json\/wp\/v2\/categories?post=477764"},{"taxonomy":"post_tag","embeddable":true,"href":"https:\/\/www.europesays.com\/fr\/wp-json\/wp\/v2\/tags?post=477764"}],"curies":[{"name":"wp","href":"https:\/\/api.w.org\/{rel}","templated":true}]}}