{"id":47777,"date":"2025-04-23T23:29:12","date_gmt":"2025-04-23T23:29:12","guid":{"rendered":"https:\/\/www.europesays.com\/fr\/47777\/"},"modified":"2025-04-23T23:29:12","modified_gmt":"2025-04-23T23:29:12","slug":"loire-atlantique-fc-nantes-ol-julie-rabanne-on-ne-marque-pas-et-cela-nous-laisse-des","status":"publish","type":"post","link":"https:\/\/www.europesays.com\/fr\/47777\/","title":{"rendered":"Loire Atlantique &#8211; FC Nantes &#8211; OL. Julie Rabanne\u00a0: \u00ab\u00a0On ne marque pas et cela nous laisse des"},"content":{"rendered":"<tr wp_automatic_readability=\"5.8953488372093\">\n<td valign=\"middle\" align=\"center\" class=\"col-logo\" wp_automatic_readability=\"5\">\n    <img decoding=\"async\" src=\"https:\/\/www.europesays.com\/fr\/wp-content\/uploads\/2025\/04\/logo-of-monetise.svg\" alt=\"logo Ouest-France\" height=\"66\"\/><\/p>\n<p>Contenu r\u00e9serv\u00e9 aux abonn\u00e9s<\/p>\n<\/td>\n<td class=\"col-titre\">\n\t\t\tMercredi 23 avril 2025 23:38<br \/>\n\t\t\t<a class=\"icon-bulle sizeL count\" href=\"#ancreAvis\"><br \/>\n\t&#8230;<br \/>\n<\/a><\/td>\n<\/tr>\n<p>\t\t<a class=\"mavillebox2 elmt-photo\" href=\"https:\/\/maville.com\/photosmvi\/2025\/04\/24\/P35187662D6777757G.jpg\" title=\" Julie Rabanne et les Nantaises se sont inclin\u00e9es, mercredi 23\u00a0avril, face \u00e0 Lyon (0-2).  \u00a9  Oscar Bouchereau  &lt;!--TAG-BLC credit--&gt;\" rel=\"galerie_actu nofollow noopener\" target=\"_blank\"><br \/>\n\t<img decoding=\"async\" src=\"https:\/\/www.europesays.com\/fr\/wp-content\/uploads\/2025\/04\/P35187662D6777757G_crop_640-330_.jpg\" alt=\"photo  julie rabanne et les nantaises se sont inclin\u00e9es, mercredi 23\u00a0avril, face \u00e0 lyon (0-2).  \u00a9  oscar bouchereau \"\/><br \/>\n\t1<br \/>\n<\/a><\/p>\n<p class=\"elmt-legende\"> Julie Rabanne et les Nantaises se sont inclin\u00e9es, mercredi 23\u00a0avril, face \u00e0 Lyon (0-2).  \u00a9  Oscar Bouchereau  <\/p>\n<p>\t\tLes joueuses du FC Nantes se sont inclin\u00e9es, mercredi 23\u00a0avril, face \u00e0 l\u2019Olympique Lyonnais (0-2), pour le compte de la 21e journ\u00e9e de Premi\u00e8re Ligue. Les Jaunes \u00e9taient d\u00e9\u00e7ues, \u00e0 l\u2019issue de la rencontre, de ne pas avoir r\u00e9ussi \u00e0 trouver la faille dans la d\u00e9fense des championnes de France.<\/p>\n<p><b>Cet article est r\u00e9serv\u00e9 aux abonn\u00e9s<\/b><\/p>\n<p>Pour un acc\u00e8s imm\u00e9diat, abonnez-vous<\/p>\n<p><b>1\u00e8re semaine offerte<\/b><\/p>\n<p>\t\tOuest-France<\/p>\n<p>Retrouvez d&rsquo;autres actus sur la commune de :<\/p>\n<p>\t\t&#13;<\/p>\n","protected":false},"excerpt":{"rendered":"Contenu r\u00e9serv\u00e9 aux abonn\u00e9s Mercredi 23 avril 2025 23:38 &#8230; 1 Julie Rabanne et les Nantaises se sont&hellip;\n","protected":false},"author":2,"featured_media":47778,"comment_status":"","ping_status":"","sticky":false,"template":"","format":"standard","meta":{"footnotes":""},"categories":[2818],"tags":[1111,11,3809,1465,1777,674,63,1011,27,1792,1922,766,12,2636,25,479,4937,517,1470],"class_list":{"0":"post-47777","1":"post","2":"type-post","3":"status-publish","4":"format-standard","5":"has-post-thumbnail","7":"category-nantes","8":"tag-actu","9":"tag-actualites","10":"tag-ball","11":"tag-basket","12":"tag-eu","13":"tag-europe","14":"tag-football","15":"tag-fr","16":"tag-france","17":"tag-handball","18":"tag-info","19":"tag-nantes","20":"tag-news","21":"tag-pays-de-la-loire","22":"tag-republique-francaise","23":"tag-rugby","24":"tag-saint-brieuc","25":"tag-sport","26":"tag-volley"},"share_on_mastodon":{"url":"https:\/\/pubeurope.com\/@fr\/114389880918645262","error":""},"_links":{"self":[{"href":"https:\/\/www.europesays.com\/fr\/wp-json\/wp\/v2\/posts\/47777","targetHints":{"allow":["GET"]}}],"collection":[{"href":"https:\/\/www.europesays.com\/fr\/wp-json\/wp\/v2\/posts"}],"about":[{"href":"https:\/\/www.europesays.com\/fr\/wp-json\/wp\/v2\/types\/post"}],"author":[{"embeddable":true,"href":"https:\/\/www.europesays.com\/fr\/wp-json\/wp\/v2\/users\/2"}],"replies":[{"embeddable":true,"href":"https:\/\/www.europesays.com\/fr\/wp-json\/wp\/v2\/comments?post=47777"}],"version-history":[{"count":0,"href":"https:\/\/www.europesays.com\/fr\/wp-json\/wp\/v2\/posts\/47777\/revisions"}],"wp:featuredmedia":[{"embeddable":true,"href":"https:\/\/www.europesays.com\/fr\/wp-json\/wp\/v2\/media\/47778"}],"wp:attachment":[{"href":"https:\/\/www.europesays.com\/fr\/wp-json\/wp\/v2\/media?parent=47777"}],"wp:term":[{"taxonomy":"category","embeddable":true,"href":"https:\/\/www.europesays.com\/fr\/wp-json\/wp\/v2\/categories?post=47777"},{"taxonomy":"post_tag","embeddable":true,"href":"https:\/\/www.europesays.com\/fr\/wp-json\/wp\/v2\/tags?post=47777"}],"curies":[{"name":"wp","href":"https:\/\/api.w.org\/{rel}","templated":true}]}}