{"id":477775,"date":"2025-10-20T19:43:09","date_gmt":"2025-10-20T19:43:09","guid":{"rendered":"https:\/\/www.europesays.com\/fr\/477775\/"},"modified":"2025-10-20T19:43:09","modified_gmt":"2025-10-20T19:43:09","slug":"un-mort-et-quatre-blesses-apres-le-passage-dune-tornade","status":"publish","type":"post","link":"https:\/\/www.europesays.com\/fr\/477775\/","title":{"rendered":"un mort et quatre bless\u00e9s apr\u00e8s le passage d&rsquo;une tornade"},"content":{"rendered":"<p>            Par<br \/>\n        <strong><br \/>\n            <a href=\"https:\/\/actu.fr\/auteur\/thomashoffmann\" title=\"Consulter tous les articles de Thomas Hoffmann\" target=\"_blank\" rel=\"noopener\">Thomas Hoffmann<\/a><br \/>\n        <\/strong><\/p>\n<p>        Publi\u00e9 le<\/p>\n<p>            20 oct. 2025 \u00e0 20h19        <\/p>\n<p>Des d\u00e9g\u00e2ts terrifiants pour un bilan dramatique. Lundi 20 octobre 2025, plusieurs communes du Val-d\u2019Oise ont \u00e9t\u00e9 frapp\u00e9es par une <strong>tornade<\/strong> peu avant 18h, faisant voler les toitures et couchant plusieurs arbres.<\/p>\n<p>Vents violents<\/p>\n<p class=\" wall-content\">\u00c0 <a href=\"https:\/\/actu.fr\/ile-de-france\/ermont_95219\" target=\"_blank\" rel=\"noopener\">Ermont<\/a>, trois grues se sont effondr\u00e9es frapp\u00e9es par des rafales de vent. L\u2019une d\u2019elles s\u2019est <strong>\u00e9cras\u00e9e sur le toit de l\u2019Ime du Clos-Fleuri<\/strong>.<\/p>\n<p class=\" wall-content\">Un mort, un homme de 35 ans, et quatre bless\u00e9s graves \u00e9taient recens\u00e9s \u00e0 20h alors que sur place <strong>80 sapeurs-pompiers, 50 policiers, 20 membres du Samu<\/strong> et des membres d\u2019associations d\u2019aides aux victimes \u00e9taient mobilis\u00e9s.<\/p>\n<p class=\" wall-content\">Le plan blanc a \u00e9t\u00e9 d\u00e9clench\u00e9 dans les h\u00f4pitaux valdoisiens afin de mobiliser imm\u00e9diatement les moyens de toute nature dont ils disposent en cas d\u2019afflux de patients, ou pour faire face \u00e0 une situation sanitaire exceptionnelle.<\/p>\n<p class=\" wall-content\">\n<p class=\" wall-content\">\u00ab\u00a0J\u2019\u00e9tais chez moi \u00e0 Ermont. Ce tr\u00e8s tr\u00e8s gros coup de vent\/temp\u00eate a dur\u00e9 environ 30 secondes. De mes fen\u00eatres au 5\u00e8me \u00e9tage, tout \u00e9tait \u00a0\u00bb blanc \u00a0\u00bb \u00e0 travers les vitres. Je ne voyais absolument plus le parc juste \u00e0 c\u00f4t\u00e9 ou les immeubles plus loin. Un grand bruit sourd a accompagn\u00e9 ce violent \u00e9pisode m\u00e9t\u00e9o, on aurait cru qu\u2019un avion allait s\u2019\u00e9craser\u2026. Quelques secondes plus tard, les \u00e9claircies sont revenues mais on voyait alors les feuilles qui tourbillonnaient encore dans tous les sens. On entend beaucoup de sir\u00e8nes de voitures de pompier et de police\u00a0\u00bb, t\u00e9moigne Sylvie, une habitante d\u2019Ermont sur la page Facebook M\u00e9t\u00e9o Nord Parisien.<\/p>\n<p>Vid\u00e9os : en ce moment sur Actu<\/p>\n<p class=\" wall-content\">\n<p class=\" wall-content\">Cet \u00ab\u2009\u00e9pisode climatique s\u00e9rieux, extr\u00eamement court et violent\u2009\u00bb, comme le souligne la pr\u00e9fecture, \u00ab\u2009qui n\u2019\u00e9tait pas annonc\u00e9\u2009\u00bb, a touch\u00e9 le d\u00e9partement vers 17h45.<\/p>\n<p class=\" wall-content\">De violentes rafales de vent ont touch\u00e9 plusieurs communes, Ermont donc, mais aussi \u00e0 Eaubonne, Andilly, Montmorency et Franconville.<\/p>\n<p>Votre r\u00e9gion, votre actu !<\/p>\n<p>Recevez chaque jour les infos qui comptent pour vous.<\/p>\n<p>\t<a href=\"https:\/\/actu.fr\/newsletter\" class=\"ac-btn ac-btn--corner ac-btn--medium ac-btn--blue800\" target=\"_blank\" rel=\"noopener\">S&rsquo;incrire<\/a><\/p>\n<p class=\" wall-content\">\n<p class=\" wall-content\">Sur les r\u00e9seaux sociaux, les images montrant des sc\u00e8nes apocalyptiques ont rapidement circul\u00e9. On y aper\u00e7oit notamment les toitures de plusieurs pavillons du quartier Gambetta\u00a0souffl\u00e9s par le passage de la tornade.<\/p>\n<p class=\" wall-content\">\n<p class=\" wall-content\">A 20h, les pompiers du Val-d\u2019Oise avaient r\u00e9alis\u00e9 plus de 200 interventions. Celles-ci \u00e9tant toujours en cours.<\/p>\n<p class=\" wall-content\">La circulation sur l\u2019<strong>A15<\/strong> dans le sens province-Paris \u00e9tait particuli\u00e8rement compliqu\u00e9e \u00e0 cause d\u2019obstacle sur la chauss\u00e9e vers Franconville, les deux voies ayant \u00e9t\u00e9 ferm\u00e9es \u00e0 droite. Pareil sur l\u2019<strong>A115<\/strong> o\u00f9 un arbre est tomb\u00e9 sur les voies.\u00a0<\/p>\n<p class=\" wall-content\">Personnalisez votre actualit\u00e9 en ajoutant vos villes et m\u00e9dias en favori avec <a href=\"https:\/\/moncompte.actu.fr\" title=\"D\u00e9couvez Mon Actu\" rel=\"nofollow noopener\" data-trk=\"{&quot;cta&quot;:{&quot;action&quot;:&quot;https:\\\/\\\/moncompte.actu.fr&quot;,&quot;category&quot;:&quot;mon compte&quot;,&quot;from&quot;:&quot;article footer&quot;,&quot;name&quot;:&quot;Mon actu&quot;,&quot;type&quot;:&quot;cta&quot;}}\" target=\"_blank\">Mon Actu<\/a>.<\/p>\n","protected":false},"excerpt":{"rendered":"Par Thomas Hoffmann Publi\u00e9 le 20 oct. 2025 \u00e0 20h19 Des d\u00e9g\u00e2ts terrifiants pour un bilan dramatique. Lundi&hellip;\n","protected":false},"author":2,"featured_media":477776,"comment_status":"","ping_status":"","sticky":false,"template":"","format":"standard","meta":{"footnotes":""},"categories":[4],"tags":[11,1011,27,3059,12,25,104],"class_list":{"0":"post-477775","1":"post","2":"type-post","3":"status-publish","4":"format-standard","5":"has-post-thumbnail","7":"category-france","8":"tag-actualites","9":"tag-fr","10":"tag-france","11":"tag-intemperies","12":"tag-news","13":"tag-republique-francaise","14":"tag-societe"},"share_on_mastodon":{"url":"https:\/\/pubeurope.com\/@fr\/115408208430021887","error":""},"_links":{"self":[{"href":"https:\/\/www.europesays.com\/fr\/wp-json\/wp\/v2\/posts\/477775","targetHints":{"allow":["GET"]}}],"collection":[{"href":"https:\/\/www.europesays.com\/fr\/wp-json\/wp\/v2\/posts"}],"about":[{"href":"https:\/\/www.europesays.com\/fr\/wp-json\/wp\/v2\/types\/post"}],"author":[{"embeddable":true,"href":"https:\/\/www.europesays.com\/fr\/wp-json\/wp\/v2\/users\/2"}],"replies":[{"embeddable":true,"href":"https:\/\/www.europesays.com\/fr\/wp-json\/wp\/v2\/comments?post=477775"}],"version-history":[{"count":0,"href":"https:\/\/www.europesays.com\/fr\/wp-json\/wp\/v2\/posts\/477775\/revisions"}],"wp:featuredmedia":[{"embeddable":true,"href":"https:\/\/www.europesays.com\/fr\/wp-json\/wp\/v2\/media\/477776"}],"wp:attachment":[{"href":"https:\/\/www.europesays.com\/fr\/wp-json\/wp\/v2\/media?parent=477775"}],"wp:term":[{"taxonomy":"category","embeddable":true,"href":"https:\/\/www.europesays.com\/fr\/wp-json\/wp\/v2\/categories?post=477775"},{"taxonomy":"post_tag","embeddable":true,"href":"https:\/\/www.europesays.com\/fr\/wp-json\/wp\/v2\/tags?post=477775"}],"curies":[{"name":"wp","href":"https:\/\/api.w.org\/{rel}","templated":true}]}}