{"id":477781,"date":"2025-10-20T19:46:18","date_gmt":"2025-10-20T19:46:18","guid":{"rendered":"https:\/\/www.europesays.com\/fr\/477781\/"},"modified":"2025-10-20T19:46:18","modified_gmt":"2025-10-20T19:46:18","slug":"saint-etienne-toujours-sans-autorisation-le-cirque-crone-sinstalle-a-monthieu-les-plaintes-senchainent","status":"publish","type":"post","link":"https:\/\/www.europesays.com\/fr\/477781\/","title":{"rendered":"Saint-\u00c9tienne. Toujours sans autorisation, le cirque Crone s\u2019installe \u00e0 Monthieu\u00a0: les plaintes s\u2019encha\u00eenent"},"content":{"rendered":"<p>Le cirque continue. Apr\u00e8s Saint-Priest-en-Jarez et Andr\u00e9zieux-Bouth\u00e9on, la troupe Crone s\u2019est install\u00e9e \u00e0 Saint-\u00c9tienne. Et sans autorisation, comme lors de ses pr\u00e9c\u00e9dentes haltes.<\/p>\n<p>La semaine derni\u00e8re, les camions se sont arr\u00eat\u00e9s du c\u00f4t\u00e9 de Monthieu, juste en face de la galerie commerciale.\u00a0Le long de la rue des Rochettes, un dr\u00f4le de spectacle se joue. Dromadaires, poneys et lamas paissent tranquillement, les sabots dans le foin.\u00a0Une dizaine de camions sont gar\u00e9s et des chapiteaux rouge et bleu se dressent l\u00e0 o\u00f9, il y a quelques mois, <a href=\"https:\/\/www.leprogres.fr\/economie\/2024\/03\/10\/friches-de-monthieu-les-demolitions-vont-enfin-commencer\" target=\"_blank\" rel=\"noopener\">s\u2019\u00e9levaient encore les friches de Kiabi, Tati et Chaussea.<\/a><\/p>\n<p>\u00ab\u00a0Ils ont forc\u00e9 les barri\u00e8res\u00a0\u00bb<\/p>\n<p>Le terrain appartient \u00e0 l\u2019Epase, qui a entam\u00e9 cet important chantier de&#8230;<\/p>\n","protected":false},"excerpt":{"rendered":"Le cirque continue. Apr\u00e8s Saint-Priest-en-Jarez et Andr\u00e9zieux-Bouth\u00e9on, la troupe Crone s\u2019est install\u00e9e \u00e0 Saint-\u00c9tienne. Et sans autorisation, comme&hellip;\n","protected":false},"author":2,"featured_media":477782,"comment_status":"","ping_status":"","sticky":false,"template":"","format":"standard","meta":{"footnotes":""},"categories":[9653],"tags":[1111,11,1867,2430,7539,1777,674,107,1011,27,3367,12,25,4001,7538,10806,104],"class_list":{"0":"post-477781","1":"post","2":"type-post","3":"status-publish","4":"format-standard","5":"has-post-thumbnail","7":"category-saint-etienne","8":"tag-actu","9":"tag-actualites","10":"tag-animaux","11":"tag-auvergne-rhone-alpes","12":"tag-edition-loire-sud","13":"tag-eu","14":"tag-europe","15":"tag-fil-info","16":"tag-fr","17":"tag-france","18":"tag-loire","19":"tag-news","20":"tag-republique-francaise","21":"tag-saint-etienne","22":"tag-saint-etienne-ville","23":"tag-selection-de-la-redaction-42","24":"tag-societe"},"share_on_mastodon":{"url":"https:\/\/pubeurope.com\/@fr\/115408220055165294","error":""},"_links":{"self":[{"href":"https:\/\/www.europesays.com\/fr\/wp-json\/wp\/v2\/posts\/477781","targetHints":{"allow":["GET"]}}],"collection":[{"href":"https:\/\/www.europesays.com\/fr\/wp-json\/wp\/v2\/posts"}],"about":[{"href":"https:\/\/www.europesays.com\/fr\/wp-json\/wp\/v2\/types\/post"}],"author":[{"embeddable":true,"href":"https:\/\/www.europesays.com\/fr\/wp-json\/wp\/v2\/users\/2"}],"replies":[{"embeddable":true,"href":"https:\/\/www.europesays.com\/fr\/wp-json\/wp\/v2\/comments?post=477781"}],"version-history":[{"count":0,"href":"https:\/\/www.europesays.com\/fr\/wp-json\/wp\/v2\/posts\/477781\/revisions"}],"wp:featuredmedia":[{"embeddable":true,"href":"https:\/\/www.europesays.com\/fr\/wp-json\/wp\/v2\/media\/477782"}],"wp:attachment":[{"href":"https:\/\/www.europesays.com\/fr\/wp-json\/wp\/v2\/media?parent=477781"}],"wp:term":[{"taxonomy":"category","embeddable":true,"href":"https:\/\/www.europesays.com\/fr\/wp-json\/wp\/v2\/categories?post=477781"},{"taxonomy":"post_tag","embeddable":true,"href":"https:\/\/www.europesays.com\/fr\/wp-json\/wp\/v2\/tags?post=477781"}],"curies":[{"name":"wp","href":"https:\/\/api.w.org\/{rel}","templated":true}]}}