{"id":477795,"date":"2025-10-20T19:55:10","date_gmt":"2025-10-20T19:55:10","guid":{"rendered":"https:\/\/www.europesays.com\/fr\/477795\/"},"modified":"2025-10-20T19:55:10","modified_gmt":"2025-10-20T19:55:10","slug":"pres-de-rouen-cette-commune-et-une-residence-collaborent","status":"publish","type":"post","link":"https:\/\/www.europesays.com\/fr\/477795\/","title":{"rendered":"pr\u00e8s de Rouen, cette commune et une r\u00e9sidence collaborent"},"content":{"rendered":"<p>            Par<br \/>\n        <strong><br \/>\n            <a href=\"https:\/\/actu.fr\/auteur\/emilien-jacques\" title=\"Consulter tous les articles de Emilien Jacques\" target=\"_blank\" rel=\"noopener\">Emilien Jacques<\/a><br \/>\n        <\/strong><\/p>\n<p>        Publi\u00e9 le<\/p>\n<p>            20 oct. 2025 \u00e0 21h27        <\/p>\n<p>La ville d\u2019<a href=\"https:\/\/actu.fr\/normandie\/elbeuf_76231\" target=\"_blank\" rel=\"noopener\">Elbeuf (Seine-Maritime)<\/a>, gr\u00e2ce \u00e0 une \u00e9troite collaboration avec la structure <b>senior <\/b>Cosy Diem, s\u2019attache \u00e0 <b>inclure <\/b>du mieux possible les r\u00e9sidents dans la vie locale.<\/p>\n<p class=\" wall-content\">Un partenariat confirm\u00e9 par la mise en \u0153uvre d\u2019une <b>convention<\/b>, sign\u00e9e de la main du maire, Djoud\u00e9 Merabet, et de la directrice de <b>Cosy Diem<\/b>, Charlotte Devaux, le vendredi 10\u00a0octobre 2025.<\/p>\n<p>\u00ab\u2009Inclure la r\u00e9sidence dans la vie locale\u2009\u00bb<\/p>\n<p class=\" wall-content\">Install\u00e9e en bord de Seine, rue Chauvel-Bidan, la <a href=\"https:\/\/actu.fr\/normandie\/elbeuf_76231\/elbeuf-une-nouvelle-residence-pour-lautonomie-des-seniors_60367034.html\" target=\"_blank\" rel=\"noopener\">r\u00e9sidence senior Cosy Diem<\/a> participe \u00e0 l\u2019essor du quartier Marignan, en pleine transformation depuis plusieurs ann\u00e9es.<\/p>\n<p class=\" wall-content\">Devant de nombreux r\u00e9sidents, et en compagnie notamment de Philippe Buisson, vice-pr\u00e9sident du Centre communal d\u2019action sociale (CCAS) d\u2019Elbeuf, le maire d\u2019Elbeuf, Djoud\u00e9 Merabet a tenu \u00e0 souligner sa volont\u00e9 de renforcer la <b>coop\u00e9ration <\/b>entre la ville et Cosy Diem, situ\u00e9e dans ce quartier strat\u00e9gique, pour \u00ab\u2009inclure la r\u00e9sidence dans la<b> vie locale<\/b>.\u2009\u00bb<\/p>\n<blockquote class=\"ac-article-quote wall-content\">\n<p>Cette convention participe \u00e0 trouver des solutions pour adapter la ville aux besoins des seniors.<\/p>\n<p>Charlotte Devaux, directrice de la r\u00e9sidence Cosy Diem<\/p><\/blockquote>\n<p>Vid\u00e9os : en ce moment sur Actu<\/p>\n<p class=\" wall-content\">La directrice de Cosy Diem, Charlotte Devaux, a \u00e9galement f\u00e9licit\u00e9 la Ville pour son implication depuis l\u2019arriv\u00e9e de la structure\u2009: \u00ab\u2009Les seniors sont vraiment pris en charge, a-t-elle affirm\u00e9, il y a une <b>attention particuli\u00e8re<\/b> de la part de la ville d\u2019Elbeuf\u2009\u00bb.<\/p>\n<p class=\" wall-content\">Ces m\u00eames seniors pr\u00e9sents pour assister \u00e0 l\u2019officialisation de ce <b>partenariat <\/b>semblaient consentir aux propos de leur directrice, eux qui sont plus d\u2019une centaine \u00e0 occuper les logements de Cosy Diem. \u00ab\u2009Aujourd\u2019hui, il n\u2019y a plus que trois <b>logements <\/b>disponibles\u2009\u00bb, a inform\u00e9 Charlotte Devaux. Selon elle, \u00ab\u2009c\u2019est en partie gr\u00e2ce aux <b>\u00e9lus\u2009<\/b>\u00bb.<\/p>\n<p>Votre r\u00e9gion, votre actu !<\/p>\n<p>Recevez chaque jour les infos qui comptent pour vous.<\/p>\n<p>\t<a href=\"https:\/\/actu.fr\/newsletter\" class=\"ac-btn ac-btn--corner ac-btn--medium ac-btn--blue800\" target=\"_blank\" rel=\"noopener\">S&rsquo;incrire<\/a><br \/>\nMise \u00e0 disposition d\u2019un mini-bus<\/p>\n<p class=\" wall-content\">Une des mesures qui va venir concr\u00e9tiser cette convention de partenariat est la mise \u00e0 disposition prochaine d\u2019un<b> mini-bus<\/b> appartenant au CCAS d\u2019Elbeuf. Le pr\u00eat du v\u00e9hicule servira \u00e0 Cosy Diem lors de cr\u00e9neaux fixes, pour assurer le transport des r\u00e9sidents lors de <b>sorties <\/b>organis\u00e9es.<\/p>\n<p class=\" wall-content\">Le vice-pr\u00e9sident du CCAS, Philippe Buisson, a saisi l\u2019occasion pour faire une deuxi\u00e8me annonce, celle de la probable obtention d\u2019un<b> label national<\/b> d\u00e9cern\u00e9 par le R\u00e9seau Francophone des Villes Amies des A\u00een\u00e9s\u2009: \u00ab\u2009On devrait \u00eatre <b>labellis\u00e9<\/b> <b>Or <\/b>en novembre prochain\u2009\u00bb, a-t-il \u00e9voqu\u00e9.<\/p>\n<p class=\" wall-content\">\u00ab\u2009Cela r\u00e9compense les villes qui ont un <b>programme d\u2019inclusion<\/b> pour les <b>a\u00een\u00e9s\u2009<\/b>\u00bb, a poursuivi celui qui est \u00e9galement conseiller municipal d\u00e9l\u00e9gu\u00e9 \u00e0 la sant\u00e9, \u00e0 la solidarit\u00e9 et \u00e0 l\u2019action sociale. \u00ab\u2009On est tr\u00e8s fier, mais maintenant il va falloir faire vivre ce label, il y a toujours des choses \u00e0 am\u00e9liorer\u2009\u00bb, a-t-il conclu.<\/p>\n<p class=\" wall-content\">Personnalisez votre actualit\u00e9 en ajoutant vos villes et m\u00e9dias en favori avec <a href=\"https:\/\/moncompte.actu.fr\" title=\"D\u00e9couvez Mon Actu\" rel=\"nofollow noopener\" data-trk=\"{&quot;cta&quot;:{&quot;action&quot;:&quot;https:\\\/\\\/moncompte.actu.fr&quot;,&quot;category&quot;:&quot;mon compte&quot;,&quot;from&quot;:&quot;article footer&quot;,&quot;name&quot;:&quot;Mon actu&quot;,&quot;type&quot;:&quot;cta&quot;}}\" target=\"_blank\">Mon Actu<\/a>.<\/p>\n","protected":false},"excerpt":{"rendered":"Par Emilien Jacques Publi\u00e9 le 20 oct. 2025 \u00e0 21h27 La ville d\u2019Elbeuf (Seine-Maritime), gr\u00e2ce \u00e0 une \u00e9troite&hellip;\n","protected":false},"author":2,"featured_media":477796,"comment_status":"","ping_status":"","sticky":false,"template":"","format":"standard","meta":{"footnotes":""},"categories":[9587],"tags":[1111,11,1777,674,1011,27,12,5161,25,9590,3552,104],"class_list":{"0":"post-477795","1":"post","2":"type-post","3":"status-publish","4":"format-standard","5":"has-post-thumbnail","7":"category-rouen","8":"tag-actu","9":"tag-actualites","10":"tag-eu","11":"tag-europe","12":"tag-fr","13":"tag-france","14":"tag-news","15":"tag-normandie","16":"tag-republique-francaise","17":"tag-rouen","18":"tag-seniors","19":"tag-societe"},"share_on_mastodon":{"url":"","error":""},"_links":{"self":[{"href":"https:\/\/www.europesays.com\/fr\/wp-json\/wp\/v2\/posts\/477795","targetHints":{"allow":["GET"]}}],"collection":[{"href":"https:\/\/www.europesays.com\/fr\/wp-json\/wp\/v2\/posts"}],"about":[{"href":"https:\/\/www.europesays.com\/fr\/wp-json\/wp\/v2\/types\/post"}],"author":[{"embeddable":true,"href":"https:\/\/www.europesays.com\/fr\/wp-json\/wp\/v2\/users\/2"}],"replies":[{"embeddable":true,"href":"https:\/\/www.europesays.com\/fr\/wp-json\/wp\/v2\/comments?post=477795"}],"version-history":[{"count":0,"href":"https:\/\/www.europesays.com\/fr\/wp-json\/wp\/v2\/posts\/477795\/revisions"}],"wp:featuredmedia":[{"embeddable":true,"href":"https:\/\/www.europesays.com\/fr\/wp-json\/wp\/v2\/media\/477796"}],"wp:attachment":[{"href":"https:\/\/www.europesays.com\/fr\/wp-json\/wp\/v2\/media?parent=477795"}],"wp:term":[{"taxonomy":"category","embeddable":true,"href":"https:\/\/www.europesays.com\/fr\/wp-json\/wp\/v2\/categories?post=477795"},{"taxonomy":"post_tag","embeddable":true,"href":"https:\/\/www.europesays.com\/fr\/wp-json\/wp\/v2\/tags?post=477795"}],"curies":[{"name":"wp","href":"https:\/\/api.w.org\/{rel}","templated":true}]}}