{"id":47781,"date":"2025-04-23T23:31:10","date_gmt":"2025-04-23T23:31:10","guid":{"rendered":"https:\/\/www.europesays.com\/fr\/47781\/"},"modified":"2025-04-23T23:31:10","modified_gmt":"2025-04-23T23:31:10","slug":"des-changements-prevus-a-bordeaux","status":"publish","type":"post","link":"https:\/\/www.europesays.com\/fr\/47781\/","title":{"rendered":"des changements pr\u00e9vus \u00e0 Bordeaux"},"content":{"rendered":"<p>            Par<br \/>\n        <strong><br \/>\n            <a href=\"https:\/\/actu.fr\/auteur\/aurelien-cardot\" title=\"Consulter tous les articles de Aurelien Cardot\" target=\"_blank\" rel=\"noopener\">Aurelien Cardot<\/a><br \/>\n        <\/strong><\/p>\n<p>        Publi\u00e9 le<\/p>\n<p>            23 avr. 2025 \u00e0 17h38        <\/p>\n<p>Depuis plusieurs ann\u00e9es, les <strong>trottinettes, scooters et v\u00e9los en libre-service<\/strong> font partie du paysage \u00e0 Bordeaux. Le 16\u00a0avril 2025, la\u00a0<a href=\"https:\/\/actu.fr\/tag\/bordeaux-metropole\" target=\"_blank\" rel=\"noopener\">M\u00e9tropole<\/a> a lanc\u00e9 un nouvel appel \u00e0 manifestation d\u2019int\u00e9r\u00eat (AMI) pour s\u00e9lectionner les futurs op\u00e9rateurs de ces v\u00e9hicules. Si le nombre d\u2019engins restera quasiment inchang\u00e9, l\u2019objectif est de renforcer l\u2019encadrement des acteurs pr\u00e9sents.<\/p>\n<p class=\" wall-content\">Depuis 2022, six op\u00e9rateurs se partagent les services de mobilit\u00e9 en libre-service \u00e0 Bordeaux\u2009: Bird et Pony pour les v\u00e9los, Dott et Tier pour les trottinettes, Yego et E-Dog pour les scooters \u00e9lectriques.<\/p>\n<p>Un renouvellement des op\u00e9rateurs<\/p>\n<p class=\" wall-content\">\u00c0 travers ce nouvel AMI, Bordeaux M\u00e9tropole entend redistribuer les autorisations pour une dur\u00e9e de quatre ans.<\/p>\n<p class=\" wall-content\">Deux op\u00e9rateurs maximum par type de v\u00e9hicule seront s\u00e9lectionn\u00e9s. Chacun pourra d\u00e9ployer jusqu\u2019\u00e0 1\u2009000 v\u00e9los, 1\u2009000 trottinettes ou 350 scooters \u00e9lectriques. Au total, la flotte pourrait atteindre <strong>4\u2009700 engins<\/strong>, r\u00e9partis sur tout le territoire m\u00e9tropolitain. 700 de plus qu\u2019aujourd\u2019hui.<\/p>\n<p class=\" wall-content\">Un m\u00eame op\u00e9rateur pourra postuler sur plusieurs lots, mais devra constituer un dossier distinct pour chaque cat\u00e9gorie de v\u00e9hicules.<\/p>\n<p>Vid\u00e9os : en ce moment sur ActuDes r\u00e8gles plus exigeantes<\/p>\n<p class=\" wall-content\">Au-del\u00e0 d\u2019augmenter l\u2019offre, la M\u00e9tropole vise surtout \u00e0 mieux <strong>encadrer<\/strong> son fonctionnement. L\u2019autorisation d\u2019occuper le domaine public sera conditionn\u00e9e au respect d\u2019<strong>exigences pr\u00e9cises<\/strong>, <a href=\"https:\/\/actu.fr\/nouvelle-aquitaine\/bordeaux_33063\/bordeaux-veut-mettre-fin-a-l-anarchie-des-trottinettes-velos-et-scooters-en-libre-service_45012654.html\" target=\"_blank\" rel=\"noopener\">en mati\u00e8re de s\u00e9curit\u00e9<\/a>, de stationnement et de qualit\u00e9 de service. Chaque op\u00e9rateur retenu devra \u00e9galement s\u2019acquitter d\u2019une redevance d\u2019occupation.<\/p>\n<p class=\" wall-content\">La candidature est ouverte jusqu\u2019au 21\u00a0mai 2025. Les nouveaux op\u00e9rateurs s\u00e9lectionn\u00e9s devraient \u00eatre <strong>op\u00e9rationnels d\u2019ici la fin de l\u2019ann\u00e9e<\/strong>.<\/p>\n<p class=\" wall-content\">Suivez toute l\u2019actualit\u00e9 de vos villes et m\u00e9dias favoris en vous inscrivant \u00e0 <a href=\"https:\/\/moncompte.actu.fr\" title=\"D\u00e9couvez Mon Actu\" rel=\"nofollow noopener\" data-trk=\"{&quot;cta&quot;:{&quot;action&quot;:&quot;https:\\\/\\\/moncompte.actu.fr&quot;,&quot;category&quot;:&quot;mon compte&quot;,&quot;from&quot;:&quot;article footer&quot;,&quot;name&quot;:&quot;Mon actu&quot;,&quot;type&quot;:&quot;cta&quot;}}\" target=\"_blank\">Mon Actu<\/a>.<\/p>\n","protected":false},"excerpt":{"rendered":"Par Aurelien Cardot Publi\u00e9 le 23 avr. 2025 \u00e0 17h38 Depuis plusieurs ann\u00e9es, les trottinettes, scooters et v\u00e9los&hellip;\n","protected":false},"author":2,"featured_media":47782,"comment_status":"","ping_status":"","sticky":false,"template":"","format":"standard","meta":{"footnotes":""},"categories":[2817],"tags":[1111,11,1997,2904,1777,674,1011,27,12,2219,25,104,6960,3459],"class_list":{"0":"post-47781","1":"post","2":"type-post","3":"status-publish","4":"format-standard","5":"has-post-thumbnail","7":"category-bordeaux","8":"tag-actu","9":"tag-actualites","10":"tag-bordeaux","11":"tag-bordeaux-metropole","12":"tag-eu","13":"tag-europe","14":"tag-fr","15":"tag-france","16":"tag-news","17":"tag-nouvelle-aquitaine","18":"tag-republique-francaise","19":"tag-societe","20":"tag-trottinette-electrique","21":"tag-velo-electrique"},"share_on_mastodon":{"url":"https:\/\/pubeurope.com\/@fr\/114389888993728151","error":""},"_links":{"self":[{"href":"https:\/\/www.europesays.com\/fr\/wp-json\/wp\/v2\/posts\/47781","targetHints":{"allow":["GET"]}}],"collection":[{"href":"https:\/\/www.europesays.com\/fr\/wp-json\/wp\/v2\/posts"}],"about":[{"href":"https:\/\/www.europesays.com\/fr\/wp-json\/wp\/v2\/types\/post"}],"author":[{"embeddable":true,"href":"https:\/\/www.europesays.com\/fr\/wp-json\/wp\/v2\/users\/2"}],"replies":[{"embeddable":true,"href":"https:\/\/www.europesays.com\/fr\/wp-json\/wp\/v2\/comments?post=47781"}],"version-history":[{"count":0,"href":"https:\/\/www.europesays.com\/fr\/wp-json\/wp\/v2\/posts\/47781\/revisions"}],"wp:featuredmedia":[{"embeddable":true,"href":"https:\/\/www.europesays.com\/fr\/wp-json\/wp\/v2\/media\/47782"}],"wp:attachment":[{"href":"https:\/\/www.europesays.com\/fr\/wp-json\/wp\/v2\/media?parent=47781"}],"wp:term":[{"taxonomy":"category","embeddable":true,"href":"https:\/\/www.europesays.com\/fr\/wp-json\/wp\/v2\/categories?post=47781"},{"taxonomy":"post_tag","embeddable":true,"href":"https:\/\/www.europesays.com\/fr\/wp-json\/wp\/v2\/tags?post=47781"}],"curies":[{"name":"wp","href":"https:\/\/api.w.org\/{rel}","templated":true}]}}