{"id":477813,"date":"2025-10-20T20:04:46","date_gmt":"2025-10-20T20:04:46","guid":{"rendered":"https:\/\/www.europesays.com\/fr\/477813\/"},"modified":"2025-10-20T20:04:46","modified_gmt":"2025-10-20T20:04:46","slug":"ouste-nos-immanquables-pour-sortir-a-nantes-cette-semaine-du-20-octobre","status":"publish","type":"post","link":"https:\/\/www.europesays.com\/fr\/477813\/","title":{"rendered":"Ouste\u00a0! Nos immanquables pour sortir \u00e0 Nantes cette semaine du 20\u00a0octobre"},"content":{"rendered":"<p>Leur vie de femme<\/p>\n<p>\t<img decoding=\"async\" src=\"https:\/\/www.europesays.com\/fr\/wp-content\/uploads\/2025\/10\/P35531973D7027469G_px_640_.jpg\" alt=\"photo 24\u00a0heures de la vie d\u2019une femme, exposition immersive \u00e0 d\u00e9couvrir aux archives d\u00e9partementales.  \u00a9  dr\" width=\"640\" title=\" 24\u00a0heures de la vie d\u2019une femme, exposition immersive \u00e0 d\u00e9couvrir aux Archives d\u00e9partementales.   DR \"\/><\/p>\n<p class=\"elmt-legende\"> 24\u00a0heures de la vie d\u2019une femme, exposition immersive \u00e0 d\u00e9couvrir aux Archives d\u00e9partementales.   DR <\/p>\n<p>Ces six femmes vivent en Guin\u00e9e, au Nig\u00e9ria, en Inde, au Kurdistan\u2026 Pendant une heure, cette exposition immersive, d\u00e9j\u00e0 pr\u00e9sent\u00e9e dans plusieurs autres villes, propose de plonger dans le quotidien de la fille d\u2019un imam du Kurdistan iranien, d\u2019une fillette guin\u00e9enne issue d\u2019un mariage d\u00e9sapprouv\u00e9 ou d\u2019une jeune &#8230;<\/p>\n<p>\u00a0<\/p>\n","protected":false},"excerpt":{"rendered":"Leur vie de femme 24\u00a0heures de la vie d\u2019une femme, exposition immersive \u00e0 d\u00e9couvrir aux Archives d\u00e9partementales. DR&hellip;\n","protected":false},"author":2,"featured_media":477814,"comment_status":"","ping_status":"","sticky":false,"template":"","format":"standard","meta":{"footnotes":""},"categories":[2818],"tags":[4307,1111,11,1777,674,1011,27,30934,766,12,7518,2636,25,5572,4251],"class_list":{"0":"post-477813","1":"post","2":"type-post","3":"status-publish","4":"format-standard","5":"has-post-thumbnail","7":"category-nantes","8":"tag-4307","9":"tag-actu","10":"tag-actualites","11":"tag-eu","12":"tag-europe","13":"tag-fr","14":"tag-france","15":"tag-immanquables","16":"tag-nantes","17":"tag-news","18":"tag-octobre","19":"tag-pays-de-la-loire","20":"tag-republique-francaise","21":"tag-semaine","22":"tag-sortir"},"share_on_mastodon":{"url":"https:\/\/pubeurope.com\/@fr\/115408290813709048","error":""},"_links":{"self":[{"href":"https:\/\/www.europesays.com\/fr\/wp-json\/wp\/v2\/posts\/477813","targetHints":{"allow":["GET"]}}],"collection":[{"href":"https:\/\/www.europesays.com\/fr\/wp-json\/wp\/v2\/posts"}],"about":[{"href":"https:\/\/www.europesays.com\/fr\/wp-json\/wp\/v2\/types\/post"}],"author":[{"embeddable":true,"href":"https:\/\/www.europesays.com\/fr\/wp-json\/wp\/v2\/users\/2"}],"replies":[{"embeddable":true,"href":"https:\/\/www.europesays.com\/fr\/wp-json\/wp\/v2\/comments?post=477813"}],"version-history":[{"count":0,"href":"https:\/\/www.europesays.com\/fr\/wp-json\/wp\/v2\/posts\/477813\/revisions"}],"wp:featuredmedia":[{"embeddable":true,"href":"https:\/\/www.europesays.com\/fr\/wp-json\/wp\/v2\/media\/477814"}],"wp:attachment":[{"href":"https:\/\/www.europesays.com\/fr\/wp-json\/wp\/v2\/media?parent=477813"}],"wp:term":[{"taxonomy":"category","embeddable":true,"href":"https:\/\/www.europesays.com\/fr\/wp-json\/wp\/v2\/categories?post=477813"},{"taxonomy":"post_tag","embeddable":true,"href":"https:\/\/www.europesays.com\/fr\/wp-json\/wp\/v2\/tags?post=477813"}],"curies":[{"name":"wp","href":"https:\/\/api.w.org\/{rel}","templated":true}]}}