{"id":477815,"date":"2025-10-20T20:05:13","date_gmt":"2025-10-20T20:05:13","guid":{"rendered":"https:\/\/www.europesays.com\/fr\/477815\/"},"modified":"2025-10-20T20:05:13","modified_gmt":"2025-10-20T20:05:13","slug":"une-dizaine-de-jeunes-de-brest-et-nantes-vont-sejourner-en-mauritanie-pour-un-projet-de-solidarite-internationale","status":"publish","type":"post","link":"https:\/\/www.europesays.com\/fr\/477815\/","title":{"rendered":"Une dizaine de jeunes de Brest et Nantes vont s\u00e9journer en Mauritanie pour un projet de solidarit\u00e9 internationale"},"content":{"rendered":"<p>Un collectif de dix jeunes Brestois et Nantais s\u2019engage dans un projet de solidarit\u00e9 internationale franco-mauritanien, port\u00e9 par les Francas de Bretagne (association d\u2019\u00e9ducation populaire), l\u2019Accoord de Nantes (centres socioculturels et maisons de quartier de la ville) et l\u2019association nantaise Action challenge coop\u00e9ration. Ces jeunes, r\u00e9unis autour des valeurs d\u2019\u00e9ducation populaire et de citoyennet\u00e9 mondiale, s\u2019envoleront du 1er au 12 novembre 2025 pour Ka\u00e9di, en Mauritanie, o\u00f9 ils seront accueillis par l\u2019Association des Jeunes de Gattaga.<\/p>\n<p>Favoriser le dialogue interculturel<\/p>\n<p>L\u2019objectif est de favoriser le dialogue interculturel et de partager les pratiques \u00e9ducatives entre jeunes des deux pays. Leur week-end de pr\u00e9paration, qui s\u2019est tenu du vendredi\u00a017 au dimanche 19 octobre 2025 au centre nautique de Brest, a \u00e9t\u00e9 marqu\u00e9 par une rencontre inspirante avec Bernadette Abiven, adjointe au maire charg\u00e9e de la jeunesse, venue saluer l\u2019engagement et la d\u00e9termination de cette jeunesse bretonne et nantaise \u00e0 faire vivre la solidarit\u00e9 internationale.<\/p>\n","protected":false},"excerpt":{"rendered":"Un collectif de dix jeunes Brestois et Nantais s\u2019engage dans un projet de solidarit\u00e9 internationale franco-mauritanien, port\u00e9 par&hellip;\n","protected":false},"author":2,"featured_media":477816,"comment_status":"","ping_status":"","sticky":false,"template":"","format":"standard","meta":{"footnotes":""},"categories":[2818],"tags":[1111,11,3450,7265,1777,674,1011,27,766,12,2636,25,801,3400],"class_list":{"0":"post-477815","1":"post","2":"type-post","3":"status-publish","4":"format-standard","5":"has-post-thumbnail","7":"category-nantes","8":"tag-actu","9":"tag-actualites","10":"tag-brest","11":"tag-brest-leurope","12":"tag-eu","13":"tag-europe","14":"tag-fr","15":"tag-france","16":"tag-nantes","17":"tag-news","18":"tag-pays-de-la-loire","19":"tag-republique-francaise","20":"tag-social","21":"tag-solidarite"},"share_on_mastodon":{"url":"https:\/\/pubeurope.com\/@fr\/115408294723405935","error":""},"_links":{"self":[{"href":"https:\/\/www.europesays.com\/fr\/wp-json\/wp\/v2\/posts\/477815","targetHints":{"allow":["GET"]}}],"collection":[{"href":"https:\/\/www.europesays.com\/fr\/wp-json\/wp\/v2\/posts"}],"about":[{"href":"https:\/\/www.europesays.com\/fr\/wp-json\/wp\/v2\/types\/post"}],"author":[{"embeddable":true,"href":"https:\/\/www.europesays.com\/fr\/wp-json\/wp\/v2\/users\/2"}],"replies":[{"embeddable":true,"href":"https:\/\/www.europesays.com\/fr\/wp-json\/wp\/v2\/comments?post=477815"}],"version-history":[{"count":0,"href":"https:\/\/www.europesays.com\/fr\/wp-json\/wp\/v2\/posts\/477815\/revisions"}],"wp:featuredmedia":[{"embeddable":true,"href":"https:\/\/www.europesays.com\/fr\/wp-json\/wp\/v2\/media\/477816"}],"wp:attachment":[{"href":"https:\/\/www.europesays.com\/fr\/wp-json\/wp\/v2\/media?parent=477815"}],"wp:term":[{"taxonomy":"category","embeddable":true,"href":"https:\/\/www.europesays.com\/fr\/wp-json\/wp\/v2\/categories?post=477815"},{"taxonomy":"post_tag","embeddable":true,"href":"https:\/\/www.europesays.com\/fr\/wp-json\/wp\/v2\/tags?post=477815"}],"curies":[{"name":"wp","href":"https:\/\/api.w.org\/{rel}","templated":true}]}}