{"id":477835,"date":"2025-10-20T20:17:10","date_gmt":"2025-10-20T20:17:10","guid":{"rendered":"https:\/\/www.europesays.com\/fr\/477835\/"},"modified":"2025-10-20T20:17:10","modified_gmt":"2025-10-20T20:17:10","slug":"le-trafic-des-trains-h-j-et-du-rer-c-interrompus","status":"publish","type":"post","link":"https:\/\/www.europesays.com\/fr\/477835\/","title":{"rendered":"le trafic des trains H, J et du Rer C interrompus"},"content":{"rendered":"<p>            Par<br \/>\n        <strong><br \/>\n            <a href=\"https:\/\/actu.fr\/auteur\/romain-dameron\" title=\"Consulter tous les articles de Romain Dameron\" rel=\"nofollow noopener\" target=\"_blank\">Romain Dameron<\/a><br \/>\n        <\/strong><\/p>\n<p>        Publi\u00e9 le<\/p>\n<p>            20 oct. 2025 \u00e0 20h46        <\/p>\n<p>Grosse pagaille dans les <b>transports du Val-d\u2019Oise<\/b> apr\u00e8s le <a href=\"https:\/\/actu.fr\/ile-de-france\/ermont_95219\/val-d-oise-grues-effondrees-toitures-arrachees-un-mort-et-quatre-blesses-apres-le-passage-d-une-tornade_63327350.html\" rel=\"nofollow noopener\" target=\"_blank\">passage d\u2019une tornade<\/a> dans le secteur d\u2019<a href=\"https:\/\/actu.fr\/ile-de-france\/ermont_95219\" rel=\"nofollow noopener\" target=\"_blank\">Ermont<\/a> et d\u2019<a href=\"https:\/\/actu.fr\/ile-de-france\/eaubonne_95203\" rel=\"nofollow noopener\" target=\"_blank\">Eaubonne<\/a>, ce lundi 20 octobre 2025.<\/p>\n<p>Vents violents<\/p>\n<p class=\" wall-content\">\u00c0 la suite de violents coups de vent survenus peu avant 18h sur le nord de l\u2019\u00cele-de-France, des arbres sont tomb\u00e9s sur les voies dans plusieurs secteurs des lignes H et J du Transilien et du RER C.<\/p>\n<p class=\" wall-content\">L\u2019\u00e9tat du trafic \u00e0 20h30 :<\/p>\n<p class=\" wall-content\">\u2013 RER C : le trafic des trains est totalement interrompu entre Gennevilliers et Pontoise, dans les deux sens, jusqu\u2019\u00e0 demain matin.<\/p>\n<p class=\" wall-content\">\n<p class=\" wall-content\">\u2013 Ligne H : le trafic est interrompu jusqu\u2019au dernier train entre Saint-Denis et Persan-Beaumont via Valmondois.<\/p>\n<p>Vid\u00e9os : en ce moment sur Actu<\/p>\n<p class=\" wall-content\">La circulation est \u00e9galement interrompue jusqu\u2019au dernier train dans le sens Monsoult vers Sarcelles entre ces deux gares.<\/p>\n<p class=\" wall-content\">\n<p>Votre r\u00e9gion, votre actu !<\/p>\n<p>Recevez chaque jour les infos qui comptent pour vous.<\/p>\n<p>\t<a href=\"https:\/\/actu.fr\/newsletter\" class=\"ac-btn ac-btn--corner ac-btn--medium ac-btn--blue800\" rel=\"nofollow noopener\" target=\"_blank\">S&rsquo;incrire<\/a><\/p>\n<p class=\" wall-content\">\u2013 Ligne J : le trafic est interrompu entre Boissy-l\u2019Aillerie et Gisors dans les deux sens. La reprise du trafic est estim\u00e9e vers 23h.<\/p>\n<p class=\" wall-content\">\n<p class=\" wall-content\">Les \u00e9quipes de Sncf R\u00e9seau sont sur place pour proc\u00e9der aux travaux de remise en \u00e9tat des voies.<\/p>\n<p>    <a href=\"https:\/\/maps.google.com\/maps?q=48.980678262640126,2.271239772582998&amp;z=15&amp;output=embed\" title=\"Ouvrie le lien\" rel=\"nofollow noopener\" target=\"_blank\">Cliquez ici pour visualiser le contenu<\/a><\/p>\n<p class=\" wall-content\">Personnalisez votre actualit\u00e9 en ajoutant vos villes et m\u00e9dias en favori avec <a href=\"https:\/\/moncompte.actu.fr\" title=\"D\u00e9couvez Mon Actu\" rel=\"nofollow noopener\" data-trk=\"{&quot;cta&quot;:{&quot;action&quot;:&quot;https:\\\/\\\/moncompte.actu.fr&quot;,&quot;category&quot;:&quot;mon compte&quot;,&quot;from&quot;:&quot;article footer&quot;,&quot;name&quot;:&quot;Mon actu&quot;,&quot;type&quot;:&quot;cta&quot;}}\" target=\"_blank\">Mon Actu<\/a>.<\/p>\n","protected":false},"excerpt":{"rendered":"Par Romain Dameron Publi\u00e9 le 20 oct. 2025 \u00e0 20h46 Grosse pagaille dans les transports du Val-d\u2019Oise apr\u00e8s&hellip;\n","protected":false},"author":2,"featured_media":477836,"comment_status":"","ping_status":"","sticky":false,"template":"","format":"standard","meta":{"footnotes":""},"categories":[1592],"tags":[1111,11,1777,674,1011,27,662,3059,12,626,25,6561,104,12443],"class_list":{"0":"post-477835","1":"post","2":"type-post","3":"status-publish","4":"format-standard","5":"has-post-thumbnail","7":"category-ile-de-france","8":"tag-actu","9":"tag-actualites","10":"tag-eu","11":"tag-europe","12":"tag-fr","13":"tag-france","14":"tag-ile-de-france","15":"tag-intemperies","16":"tag-news","17":"tag-paris","18":"tag-republique-francaise","19":"tag-rer-c","20":"tag-societe","21":"tag-transilien"},"share_on_mastodon":{"url":"https:\/\/pubeurope.com\/@fr\/115408342211715766","error":""},"_links":{"self":[{"href":"https:\/\/www.europesays.com\/fr\/wp-json\/wp\/v2\/posts\/477835","targetHints":{"allow":["GET"]}}],"collection":[{"href":"https:\/\/www.europesays.com\/fr\/wp-json\/wp\/v2\/posts"}],"about":[{"href":"https:\/\/www.europesays.com\/fr\/wp-json\/wp\/v2\/types\/post"}],"author":[{"embeddable":true,"href":"https:\/\/www.europesays.com\/fr\/wp-json\/wp\/v2\/users\/2"}],"replies":[{"embeddable":true,"href":"https:\/\/www.europesays.com\/fr\/wp-json\/wp\/v2\/comments?post=477835"}],"version-history":[{"count":0,"href":"https:\/\/www.europesays.com\/fr\/wp-json\/wp\/v2\/posts\/477835\/revisions"}],"wp:featuredmedia":[{"embeddable":true,"href":"https:\/\/www.europesays.com\/fr\/wp-json\/wp\/v2\/media\/477836"}],"wp:attachment":[{"href":"https:\/\/www.europesays.com\/fr\/wp-json\/wp\/v2\/media?parent=477835"}],"wp:term":[{"taxonomy":"category","embeddable":true,"href":"https:\/\/www.europesays.com\/fr\/wp-json\/wp\/v2\/categories?post=477835"},{"taxonomy":"post_tag","embeddable":true,"href":"https:\/\/www.europesays.com\/fr\/wp-json\/wp\/v2\/tags?post=477835"}],"curies":[{"name":"wp","href":"https:\/\/api.w.org\/{rel}","templated":true}]}}