{"id":477837,"date":"2025-10-20T20:18:14","date_gmt":"2025-10-20T20:18:14","guid":{"rendered":"https:\/\/www.europesays.com\/fr\/477837\/"},"modified":"2025-10-20T20:18:14","modified_gmt":"2025-10-20T20:18:14","slug":"une-personne-est-morte-et-quatre-autres-ont-ete-blessees-tres-gravement-a-ermont-annonce-la-prefecture","status":"publish","type":"post","link":"https:\/\/www.europesays.com\/fr\/477837\/","title":{"rendered":"une personne est morte et quatre autres ont \u00e9t\u00e9 bless\u00e9es tr\u00e8s gravement \u00e0 Ermont, annonce la pr\u00e9fecture"},"content":{"rendered":"<p class=\"c-chapo \">\n  D&rsquo;importants d\u00e9g\u00e2ts mat\u00e9riels sont \u00e9galement \u00e0 d\u00e9plorer, avec la destruction de plusieurs grues, tomb\u00e9es en raison d&rsquo;importantes bourrasques de vent survenues en fin d&rsquo;apr\u00e8s-midi.\n<\/p>\n<p>      lire plus tard<\/p>\n<p id=\"dialog__title\" class=\"dialog__title\">Pour sauvegarder cet article, connectez-vous ou cr\u00e9ez un compte franceinfo<\/p>\n<p class=\"dialog__description\">Sans paiement. Sans abonnement.<\/p>\n<p>        Fermer la fen\u00eatre d\u2019activation des notifications France Info<\/p>\n<p>      cr\u00e9er votre compte<\/p>\n<p>      se connecter<\/p>\n<p>        Fermer la fen\u00eatre de pr\u00e9sentation<\/p>\n<p>    <img loading=\"lazy\" decoding=\"async\" class=\"signature__image lazyload\" width=\"100\" height=\"100\" data- alt=\"\" src=\"https:\/\/www.europesays.com\/fr\/wp-content\/uploads\/2025\/05\/64a68815cd1a7_placeholder-36b69ec8.png\"\/><\/p>\n<p>    Publi\u00e9 le 20\/10\/2025 20:32<\/p>\n<p>      Mis \u00e0 jour le 20\/10\/2025 21:28<\/p>\n<p>        Temps de lecture : 1min<\/p>\n<p>    <img decoding=\"async\"  alt=\"Une grue tomb\u00e9e sur un b\u00e2timent \u00e0 Ermont, dans le Val-d'Oise, le 20 octobre 2025. (SYNDICAT ALLIANCE POLICE NATIONALE \/ AFP)\" width=\"432\" height=\"243\" src=\"https:\/\/www.europesays.com\/fr\/wp-content\/uploads\/2025\/10\/000-79fj4g3-68f689219f448013269378.jpg\" fetchpriority=\"high\"\/><\/p>\n<p>      Une grue tomb\u00e9e sur un b\u00e2timent \u00e0 Ermont, dans le Val-d&rsquo;Oise, le 20 octobre 2025. (SYNDICAT ALLIANCE POLICE NATIONALE \/ AFP)<\/p>\n<p>Des images apocalyptiques. A Ermont, dans le Val-d&rsquo;Oise, <a href=\"https:\/\/www.franceinfo.fr\/environnement\/meteo\/\" data-tooltip-url=\"https:\/\/www.franceinfo.fr\/environnement\/meteo\/\" rel=\"nofollow noopener\" target=\"_blank\">des vents tr\u00e8s violents<\/a> ont fait au moins un\u00a0mort, quatre\u00a0bless\u00e9s \u00ab\u00a0en urgence absolue\u00a0\u00bb et cinq \u00ab\u00a0en urgence relative\u00a0\u00bb, a annonc\u00e9 la pr\u00e9fecture, lundi 20\u00a0octobre. D&rsquo;importants d\u00e9g\u00e2ts mat\u00e9riels sont \u00e9galement \u00e0 d\u00e9plorer, avec la destruction de plusieurs grues en raison de fortes bourrasques de vent survenues vers 17h45. Sur place, 80 pompiers, 50 policiers et 20 membres du Samu ont \u00e9t\u00e9 mobilis\u00e9s, selon la pr\u00e9fecture, qui pr\u00e9cise que l&rsquo;\u00e9pisode m\u00e9t\u00e9orologique est \u00ab\u00a0\u00e0 pr\u00e9sent termin\u00e9\u00a0\u00bb.<\/p>\n<p>    <img decoding=\"async\" class=\"francetv-player-wrapper__image\" alt=\"\"  width=\"432\" height=\"243\" src=\"https:\/\/www.europesays.com\/fr\/wp-content\/uploads\/2025\/10\/https:\/\/assets.webservices.francetelevisions.fr\/v1\/assets\/images\/ca\/2d\/71\/f4b34b96-6f31-43b5-8093-e4.jpeg\" fetchpriority=\"high\"\/><\/p>\n<p>      1min<\/p>\n<p>Les communes d&rsquo;Eaubonne, d&rsquo;Andilly, de Montmorency et de Franconville ont \u00e9galement \u00e9t\u00e9 concern\u00e9es par ces vents violents. La pr\u00e9fecture appelle \u00e0 \u00ab\u00a0\u00e9viter les d\u00e9placements non indispensables\u00a0\u00bb. La mairie d&rsquo;Ermont indique quant \u00e0 elle sur Facebook que \u00ab\u00a0de nombreux arbres ont \u00e9t\u00e9 arrach\u00e9s\u00a0\u00bb et que tous les parcs municipaux sont ferm\u00e9s au public. \u00ab\u00a0La R\u00e9gion Ile-de-France sera en soutien des communes sinistr\u00e9es\u00a0\u00bb, a r\u00e9agi Val\u00e9rie P\u00e9cresse, pr\u00e9sidente la r\u00e9gion Ile-de-France <a href=\"https:\/\/x.com\/vpecresse\/status\/1980344637278810418\" target=\"_blank\" rel=\"noopener nofollow\">sur le r\u00e9seau social X<\/a>. \u00ab\u00a0Mes pens\u00e9es accompagnent les habitants du Val-d\u2019Oise, victimes d\u2019une tornade violente\u00a0\u00bb, ajoute-t-elle.<\/p>\n<p>Sur des images obtenues par l&rsquo;AFP aupr\u00e8s du syndicat Alliance police nationale on voit une grue effondr\u00e9e sur un b\u00e2timent d&rsquo;habitation. Un centre op\u00e9rationnel d\u00e9partemental a \u00e9t\u00e9 ouvert en pr\u00e9fecture pour coordonner les op\u00e9rations de s\u00e9curit\u00e9 et de secours.<\/p>\n<p class=\"section-banner__title\">Consultez la m\u00e9t\u00e9o avec franceinfo<\/p>\n<p class=\"section-banner__subtitle\">Les pr\u00e9visions m\u00e9t\u00e9o en direct pour votre ville et toute la France.<\/p>\n<p><a class=\"fi-button section-banner__action ftvi-click fi-button--no-icons fi-button--large fi-button--secondary\" href=\"https:\/\/meteo.franceinfo.fr\/\" aria-label=\"voir la m\u00e9t\u00e9o avec franceinfo\" data-click-object=\"{&quot;feature&quot;:&quot;bandeau_promo&quot;,&quot;click&quot;:&quot;voir&quot;,&quot;zone&quot;:&quot;bandeau_meteo&quot;}\" rel=\"nofollow noopener\" target=\"_blank\"><\/p>\n<p>      voir<\/p>\n<p>  <\/a><\/p>\n<p>      <img loading=\"lazy\" decoding=\"async\" class=\"section-banner__image lazyload\" width=\"104\" height=\"139\" alt=\"\" src=\"data:image\/gif;base64,R0lGODlhAQABAAAAACH5BAEKAAEALAAAAAABAAEAAAICTAEAOw==\"\/><\/p>\n<p class=\"related-tags__title\" role=\"heading\" aria-level=\"2\">les mots-cl\u00e9s associ\u00e9s \u00e0 cet article\n    <\/p>\n","protected":false},"excerpt":{"rendered":"D&rsquo;importants d\u00e9g\u00e2ts mat\u00e9riels sont \u00e9galement \u00e0 d\u00e9plorer, avec la destruction de plusieurs grues, tomb\u00e9es en raison d&rsquo;importantes bourrasques&hellip;\n","protected":false},"author":2,"featured_media":477838,"comment_status":"","ping_status":"","sticky":false,"template":"","format":"standard","meta":{"footnotes":""},"categories":[1888],"tags":[1111,1928,11,1927,1777,674,1011,27,12,1926,626,1925,25],"class_list":{"0":"post-477837","1":"post","2":"type-post","3":"status-publish","4":"format-standard","5":"has-post-thumbnail","7":"category-paris","8":"tag-actu","9":"tag-actu-paris","10":"tag-actualites","11":"tag-actualites-paris","12":"tag-eu","13":"tag-europe","14":"tag-fr","15":"tag-france","16":"tag-news","17":"tag-news-paris","18":"tag-paris","19":"tag-paris-news","20":"tag-republique-francaise"},"share_on_mastodon":{"url":"https:\/\/pubeurope.com\/@fr\/115408347239343730","error":""},"_links":{"self":[{"href":"https:\/\/www.europesays.com\/fr\/wp-json\/wp\/v2\/posts\/477837","targetHints":{"allow":["GET"]}}],"collection":[{"href":"https:\/\/www.europesays.com\/fr\/wp-json\/wp\/v2\/posts"}],"about":[{"href":"https:\/\/www.europesays.com\/fr\/wp-json\/wp\/v2\/types\/post"}],"author":[{"embeddable":true,"href":"https:\/\/www.europesays.com\/fr\/wp-json\/wp\/v2\/users\/2"}],"replies":[{"embeddable":true,"href":"https:\/\/www.europesays.com\/fr\/wp-json\/wp\/v2\/comments?post=477837"}],"version-history":[{"count":0,"href":"https:\/\/www.europesays.com\/fr\/wp-json\/wp\/v2\/posts\/477837\/revisions"}],"wp:featuredmedia":[{"embeddable":true,"href":"https:\/\/www.europesays.com\/fr\/wp-json\/wp\/v2\/media\/477838"}],"wp:attachment":[{"href":"https:\/\/www.europesays.com\/fr\/wp-json\/wp\/v2\/media?parent=477837"}],"wp:term":[{"taxonomy":"category","embeddable":true,"href":"https:\/\/www.europesays.com\/fr\/wp-json\/wp\/v2\/categories?post=477837"},{"taxonomy":"post_tag","embeddable":true,"href":"https:\/\/www.europesays.com\/fr\/wp-json\/wp\/v2\/tags?post=477837"}],"curies":[{"name":"wp","href":"https:\/\/api.w.org\/{rel}","templated":true}]}}