{"id":477842,"date":"2025-10-20T20:21:13","date_gmt":"2025-10-20T20:21:13","guid":{"rendered":"https:\/\/www.europesays.com\/fr\/477842\/"},"modified":"2025-10-20T20:21:13","modified_gmt":"2025-10-20T20:21:13","slug":"le-celebre-festival-de-musique-lollapalooza-annule-son-edition-2026-a-paris","status":"publish","type":"post","link":"https:\/\/www.europesays.com\/fr\/477842\/","title":{"rendered":"Le c\u00e9l\u00e8bre festival de musique Lollapalooza annule son \u00e9dition 2026\u00a0\u00e0 Paris"},"content":{"rendered":"<p>        <img decoding=\"async\" loading=\"lazy\" src=\"https:\/\/www.europesays.com\/fr\/wp-content\/uploads\/2025\/10\/2dd1477_upload-1-kzzsjepun94r-afp-20230723-33pn8hg-v2-midres-francemusicfestivallollapalooza.jpg\"  width=\"728\" height=\"410\" alt=\"Festival Lollapalooza \u00e0 l\u2019Hippodrome de Longchamp \u00e0 Paris, le 22\u00a0juillet 2023.\"\/>  <\/p>\n<p>JULIE SEBADELHA \/ AFP<\/p>\n<p>Festival Lollapalooza \u00e0 l\u2019Hippodrome de Longchamp \u00e0 Paris, le 22\u00a0juillet 2023.<\/p>\n<p class=\"asset asset-text\">MUSIQUE &#8211; Un an d\u2019attente pour les amateurs de ce rendez-vous musical. L\u2019\u00e9dition parisienne du <a href=\"https:\/\/www.huffingtonpost.fr\/culture\/article\/doechii-annule-sa-venue-a-rock-en-seine-quelques-heures-avant-le-debut-du-festival_253746.html\" rel=\"nofollow noopener\" target=\"_blank\">festival<\/a> <a href=\"https:\/\/www.huffingtonpost.fr\/culture\/video\/avant-le-lollapalooza-les-s-urs-doya-nous-racontent-leur-parcours-et-leur-vision-du-flamenco-clx1_217371.html\" rel=\"nofollow noopener\" target=\"_blank\">Lollapalooza\u00a0<\/a>n\u2019aura pas lieu en 2026 et reviendra en 2027, ont annonc\u00e9 ce lundi 20\u00a0octobre ses organisateurs dans une publication sur Instagram.<\/p>\n<p class=\"asset asset-text\">\u00ab\u00a0En raison de divers facteurs inh\u00e9rents \u00e0 l\u2019organisation d\u2019un festival de cette ampleur \u2014 qui ne peuvent \u00eatre r\u00e9unis pour r\u00e9pondre \u00e0 nos ambitions pour 2026 (&#8230;), nous avons d\u00e9cid\u00e9 de nous accorder une ann\u00e9e suppl\u00e9mentaire avant de vous retrouver\u00a0\u00bb, a indiqu\u00e9 un message sur la page officielle de l\u2019\u00e9v\u00e9nement.<\/p>\n<p class=\"asset asset-text\">\u00ab\u00a0Il n\u2019y aura pas beaucoup de t\u00eates d\u2019affiche internationales en tourn\u00e9e l\u2019\u00e9t\u00e9 prochain en France. En tout cas pas pour un festival de notre ampleur et pour notre public jeune\u00a0\u00bb, a d\u00e9taill\u00e9 aupr\u00e8s du journal <a href=\"https:\/\/www.leparisien.fr\/culture-loisirs\/musique\/le-festival-lollapalooza-annule-en-2026-trop-de-contraintes-mais-on-reviendra-en-2027-assure-son-directeur-20-10-2025-KIT3P3W5PZGWJC4EI4SEODOGFI.php\" target=\"_blank\" rel=\"noopener nofollow\" title=\"Nouvelle fen\u00eatre\">Le Parisien<\/a> Angelo Gopee, directeur de Live Nation France, organisateur du festival.<\/p>\n<p>    Difficult\u00e9s financi\u00e8res et l\u00e9gislation fran\u00e7aise \u00ab\u00a0contraignante\u00a0\u00bb    <\/p>\n<p class=\"asset asset-text\">Le patron a aussi \u00e9voqu\u00e9 des raisons \u00e9conomiques, avec notamment le co\u00fbt des cachets des artistes et le fait que le festival fonctionne \u00ab\u00a0sans subvention ni b\u00e9n\u00e9vole\u00a0\u00bb, mais aussi la l\u00e9gislation fran\u00e7aise tr\u00e8s \u00ab\u00a0contraignante\u00a0\u00bb sur le son.<\/p>\n<p class=\"asset asset-text\">Au moins 80% des festivals rencontrent \u00ab\u00a0des difficult\u00e9s\u00a0\u00bb financi\u00e8res, selon une enqu\u00eate du Centre national de la musique (CNM) pr\u00e9sent\u00e9e la semaine derni\u00e8re au MaMa, festival et convention de la fili\u00e8re musicale \u00e0 Paris. Un tiers sont d\u00e9ficitaires, selon les r\u00e9ponses de 953 festivals.<\/p>\n<p class=\"asset asset-text\">L\u2019enqu\u00eate du CNM a aussi point\u00e9 pour 2025 \u00ab\u00a0une hausse des postes artistiques\u00a0\u00bb pour 52% des r\u00e9pondants \u2013 cachets, h\u00e9bergement, logistique -, une augmentation des \u00ab\u00a0co\u00fbts techniques\u00a0\u00bb pour 56% et une inflation du co\u00fbt des assurances, en lien notamment avec les al\u00e9as climatiques.<\/p>\n<p class=\"asset asset-text\">En juillet, Lollapalooza a pourtant r\u00e9uni \u00e0 Paris 160\u00a0000 spectateurs pendant trois jours, avec des t\u00eates d\u2019affiche comme Olivia Rodrigo,\u00a0Lola Young et Justin Timberlake.<\/p>\n","protected":false},"excerpt":{"rendered":"JULIE SEBADELHA \/ AFP Festival Lollapalooza \u00e0 l\u2019Hippodrome de Longchamp \u00e0 Paris, le 22\u00a0juillet 2023. MUSIQUE &#8211; Un&hellip;\n","protected":false},"author":2,"featured_media":477843,"comment_status":"","ping_status":"","sticky":false,"template":"","format":"standard","meta":{"footnotes":""},"categories":[1888],"tags":[11,251,1777,674,849,1011,27,873,12,626,25],"class_list":{"0":"post-477842","1":"post","2":"type-post","3":"status-publish","4":"format-standard","5":"has-post-thumbnail","7":"category-paris","8":"tag-actualites","9":"tag-culture","10":"tag-eu","11":"tag-europe","12":"tag-festival","13":"tag-fr","14":"tag-france","15":"tag-musique","16":"tag-news","17":"tag-paris","18":"tag-republique-francaise"},"share_on_mastodon":{"url":"https:\/\/pubeurope.com\/@fr\/115408358183109792","error":""},"_links":{"self":[{"href":"https:\/\/www.europesays.com\/fr\/wp-json\/wp\/v2\/posts\/477842","targetHints":{"allow":["GET"]}}],"collection":[{"href":"https:\/\/www.europesays.com\/fr\/wp-json\/wp\/v2\/posts"}],"about":[{"href":"https:\/\/www.europesays.com\/fr\/wp-json\/wp\/v2\/types\/post"}],"author":[{"embeddable":true,"href":"https:\/\/www.europesays.com\/fr\/wp-json\/wp\/v2\/users\/2"}],"replies":[{"embeddable":true,"href":"https:\/\/www.europesays.com\/fr\/wp-json\/wp\/v2\/comments?post=477842"}],"version-history":[{"count":0,"href":"https:\/\/www.europesays.com\/fr\/wp-json\/wp\/v2\/posts\/477842\/revisions"}],"wp:featuredmedia":[{"embeddable":true,"href":"https:\/\/www.europesays.com\/fr\/wp-json\/wp\/v2\/media\/477843"}],"wp:attachment":[{"href":"https:\/\/www.europesays.com\/fr\/wp-json\/wp\/v2\/media?parent=477842"}],"wp:term":[{"taxonomy":"category","embeddable":true,"href":"https:\/\/www.europesays.com\/fr\/wp-json\/wp\/v2\/categories?post=477842"},{"taxonomy":"post_tag","embeddable":true,"href":"https:\/\/www.europesays.com\/fr\/wp-json\/wp\/v2\/tags?post=477842"}],"curies":[{"name":"wp","href":"https:\/\/api.w.org\/{rel}","templated":true}]}}