{"id":477848,"date":"2025-10-20T20:24:14","date_gmt":"2025-10-20T20:24:14","guid":{"rendered":"https:\/\/www.europesays.com\/fr\/477848\/"},"modified":"2025-10-20T20:24:14","modified_gmt":"2025-10-20T20:24:14","slug":"laurent-mekies-enchante-par-la-forme-de-red-bull-aux-usa","status":"publish","type":"post","link":"https:\/\/www.europesays.com\/fr\/477848\/","title":{"rendered":"Laurent Mekies enchant\u00e9 par la forme de Red Bull aux USA"},"content":{"rendered":"<p>La doule victoire de Max Verstappen aux Etats-Unis, lors du la course Sprint du samedi et du GP le dimanche, ont permis \u00e0 Red Bull de maintenir la menace que repr\u00e9sente la redoutable association pour le titre mondial des pilotes 2025, face aux pilotes McLaren Lando Norris et Oscar Piastri.<\/p>\n<p>Gr\u00e2ce \u00e0 cet excellent week-end, Max Verstappen ne cumule \u00ab\u00a0plus que\u00a0\u00bb 40 points de retard sur le leader du championnat australien, et repr\u00e9sente ainsi toujours une grande source de pression pour le duo McLaren qui sait disposer de sa premi\u00e8re occasion de figurer au sommet de la hi\u00e9rarchie mondiale : jamais, en effet, Norris ni Piastri n\u2019ont encore inscrit leur nom au palmar\u00e8s du championnat du monde de Formule 1.\u00a0<\/p>\n<p>Enchant\u00e9 par ce qu\u2019il a vu de ses troupes aux Etats-Unis, Laurent Meki\u00e8s, dont l\u2019organisation et l\u2019exploitation de l\u2019\u00e9quipe sont chalereusement salu\u00e9es depuis son arriv\u00e9e en remplacement de Christian Horner, a tenu \u00e0 adresser ses f\u00e9licitations \u00e0 son \u00e9quipe.<\/p>\n<p>\u00ab\u00a0Une fois encore, je tiens \u00e0 remercier tous ceux qui sont sur le circuit et ceux qui sont rest\u00e9s \u00e0 la base, qui ont pris des risques en poussant tout \u00e0 l\u2019extr\u00eame\u00a0\u00bb, a comment\u00e9 le Fran\u00e7ais.<\/p>\n<p>\u00ab\u00a0Cela a sans aucun doute \u00e9t\u00e9 notre meilleur week-end depuis longtemps. Sur une piste br\u00fblante, o\u00f9 nous avons connu des difficult\u00e9s par le pass\u00e9, Max n\u2019a cess\u00e9 de creuser l\u2019\u00e9cart avec ses adversaires \u00e0 chaque s\u00e9ance. Si l\u2019on consid\u00e8re \u00e0 quel point la course \u00e9tait serr\u00e9e vendredi, m\u00eame s\u2019il \u00e9tait en pole position pour le sprint, et puis aujourd\u2019hui, c\u2019\u00e9tait une am\u00e9lioration consid\u00e9rable. Une fois de plus, je tiens \u00e0 remercier tous ceux qui \u00e9taient sur le circuit et ceux qui sont rest\u00e9s \u00e0 la base, qui ont pris des risques en poussant tout \u00e0 l\u2019extr\u00eame. Ce n\u2019est pas facile, mais le travail qu\u2019ils accomplissent est incroyable et il porte ses fruits. Ils ont tir\u00e9 le meilleur parti de la voiture. Nous n\u2019avons jamais rien pris pour acquis et avons finalement trouv\u00e9 de plus en plus de performances au fur et \u00e0 mesure que le week-end avan\u00e7ait. Max pilote \u00e0 un niveau incroyable et ne cesse de placer la barre plus haut. Nous allons poursuivre notre approche pour les prochaines courses, en commen\u00e7ant par voir comment nous pouvons mettre la meilleure voiture possible en piste au Mexique. Yuki a \u00e9galement connu un week-end solide, en particulier aujourd\u2019hui o\u00f9 il a gagn\u00e9 six places dans la course, rapportant ainsi des points utiles qui s\u2019ajoutent \u00e0 ceux qu\u2019il a marqu\u00e9s hier lors du sprint. Enfin, merci et f\u00e9licitations \u00e0 nos partenaires Mobil et Mobil 1, avec lesquels nous c\u00e9l\u00e9brons notre 75e victoire. Ce partenariat solide et fructueux nous a permis d\u2019atteindre de nombreux succ\u00e8s, et nous esp\u00e9rons en c\u00e9l\u00e9brer encore beaucoup d\u2019autres ensemble.\u00a0\u00bb<\/p>\n","protected":false},"excerpt":{"rendered":"La doule victoire de Max Verstappen aux Etats-Unis, lors du la course Sprint du samedi et du GP&hellip;\n","protected":false},"author":2,"featured_media":477849,"comment_status":"","ping_status":"","sticky":false,"template":"","format":"standard","meta":{"footnotes":""},"categories":[1589],"tags":[11,5080,5081,73,1866,1451,5083,5084,5085,5086,5087,1454,26916,12,5089,5090,3210,2255,5091,3030,1864,1865,1863,308,1264],"class_list":{"0":"post-477848","1":"post","2":"type-post","3":"status-publish","4":"format-standard","5":"has-post-thumbnail","7":"category-etats-unis","8":"tag-actualites","9":"tag-actualites-f1","10":"tag-actuf1","11":"tag-etats-unis","12":"tag-etats-unis-damerique","13":"tag-f1","14":"tag-f1-actu","15":"tag-f1-direct","16":"tag-f1-live","17":"tag-f1-news","18":"tag-f1news","19":"tag-formule-1","20":"tag-laurent-mekies","21":"tag-news","22":"tag-news-f1","23":"tag-newsf1","24":"tag-reaction","25":"tag-red-bull","26":"tag-tip","27":"tag-top","28":"tag-united-states","29":"tag-united-states-of-america","30":"tag-us","31":"tag-usa","32":"tag-victoire"},"share_on_mastodon":{"url":"https:\/\/pubeurope.com\/@fr\/115408369428453885","error":""},"_links":{"self":[{"href":"https:\/\/www.europesays.com\/fr\/wp-json\/wp\/v2\/posts\/477848","targetHints":{"allow":["GET"]}}],"collection":[{"href":"https:\/\/www.europesays.com\/fr\/wp-json\/wp\/v2\/posts"}],"about":[{"href":"https:\/\/www.europesays.com\/fr\/wp-json\/wp\/v2\/types\/post"}],"author":[{"embeddable":true,"href":"https:\/\/www.europesays.com\/fr\/wp-json\/wp\/v2\/users\/2"}],"replies":[{"embeddable":true,"href":"https:\/\/www.europesays.com\/fr\/wp-json\/wp\/v2\/comments?post=477848"}],"version-history":[{"count":0,"href":"https:\/\/www.europesays.com\/fr\/wp-json\/wp\/v2\/posts\/477848\/revisions"}],"wp:featuredmedia":[{"embeddable":true,"href":"https:\/\/www.europesays.com\/fr\/wp-json\/wp\/v2\/media\/477849"}],"wp:attachment":[{"href":"https:\/\/www.europesays.com\/fr\/wp-json\/wp\/v2\/media?parent=477848"}],"wp:term":[{"taxonomy":"category","embeddable":true,"href":"https:\/\/www.europesays.com\/fr\/wp-json\/wp\/v2\/categories?post=477848"},{"taxonomy":"post_tag","embeddable":true,"href":"https:\/\/www.europesays.com\/fr\/wp-json\/wp\/v2\/tags?post=477848"}],"curies":[{"name":"wp","href":"https:\/\/api.w.org\/{rel}","templated":true}]}}