{"id":47785,"date":"2025-04-23T23:33:09","date_gmt":"2025-04-23T23:33:09","guid":{"rendered":"https:\/\/www.europesays.com\/fr\/47785\/"},"modified":"2025-04-23T23:33:09","modified_gmt":"2025-04-23T23:33:09","slug":"previsions-du-jeudi-24-avril-2025-5","status":"publish","type":"post","link":"https:\/\/www.europesays.com\/fr\/47785\/","title":{"rendered":"pr\u00e9visions du jeudi 24 avril 2025"},"content":{"rendered":"<p>La grisaille ne se dissipe toujours pas, il va y avoir encore des nuages aujourd&rsquo;hui. Les temp\u00e9ratures seront de 15\u00b0C \u00e0 Toulouse. Un l\u00e9ger vent de nord-ouest sera ressenti par les habitants. Il y a un risque d&rsquo;averses le matin. Il va pleuvoir l&rsquo;apr\u00e8s-midi. Les temp\u00e9ratures seront comprises entre 14 et 18\u00b0C. On annonce des \u00e9claircies pour cette soir\u00e9e. Le passage de jeudi \u00e0 vendredi s&rsquo;effectuera sous un ciel clair.<\/p>\n<p>C&rsquo;est un soleil \u00e9clatant qui va briller demain sur Toulouse. Les valeurs afficheront entre 8 et 21\u00b0C. Un vent de nord-ouest rafra\u00eechira sensiblement l&rsquo;atmosph\u00e8re. Demain apr\u00e8s-midi, c&rsquo;est une hausse de plusieurs degr\u00e9s que vont conna\u00eetre les temp\u00e9ratures. Les maximales atteindront les 21\u00b0C alors que les minimales seront de 19\u00b0C.<\/p>\n<p>La m\u00e9t\u00e9o va se d\u00e9grader dans les jours qui suivent. On pr\u00e9voit des journ\u00e9es pluvieuses, avec des temp\u00e9ratures dans les 14\u00b0C en moyenne.<\/p>\n<p><\/p>\n","protected":false},"excerpt":{"rendered":"La grisaille ne se dissipe toujours pas, il va y avoir encore des nuages aujourd&rsquo;hui. Les temp\u00e9ratures seront&hellip;\n","protected":false},"author":2,"featured_media":47786,"comment_status":"","ping_status":"","sticky":false,"template":"","format":"standard","meta":{"footnotes":""},"categories":[2816],"tags":[1111,11,1777,674,1011,27,2722,2721,12,2680,2119,25,2312],"class_list":{"0":"post-47785","1":"post","2":"type-post","3":"status-publish","4":"format-standard","5":"has-post-thumbnail","7":"category-toulouse","8":"tag-actu","9":"tag-actualites","10":"tag-eu","11":"tag-europe","12":"tag-fr","13":"tag-france","14":"tag-haute-garonne","15":"tag-midi-pyrenees","16":"tag-news","17":"tag-occitanie","18":"tag-previsions-meteo","19":"tag-republique-francaise","20":"tag-toulouse"},"share_on_mastodon":{"url":"https:\/\/pubeurope.com\/@fr\/114389896690022103","error":""},"_links":{"self":[{"href":"https:\/\/www.europesays.com\/fr\/wp-json\/wp\/v2\/posts\/47785","targetHints":{"allow":["GET"]}}],"collection":[{"href":"https:\/\/www.europesays.com\/fr\/wp-json\/wp\/v2\/posts"}],"about":[{"href":"https:\/\/www.europesays.com\/fr\/wp-json\/wp\/v2\/types\/post"}],"author":[{"embeddable":true,"href":"https:\/\/www.europesays.com\/fr\/wp-json\/wp\/v2\/users\/2"}],"replies":[{"embeddable":true,"href":"https:\/\/www.europesays.com\/fr\/wp-json\/wp\/v2\/comments?post=47785"}],"version-history":[{"count":0,"href":"https:\/\/www.europesays.com\/fr\/wp-json\/wp\/v2\/posts\/47785\/revisions"}],"wp:featuredmedia":[{"embeddable":true,"href":"https:\/\/www.europesays.com\/fr\/wp-json\/wp\/v2\/media\/47786"}],"wp:attachment":[{"href":"https:\/\/www.europesays.com\/fr\/wp-json\/wp\/v2\/media?parent=47785"}],"wp:term":[{"taxonomy":"category","embeddable":true,"href":"https:\/\/www.europesays.com\/fr\/wp-json\/wp\/v2\/categories?post=47785"},{"taxonomy":"post_tag","embeddable":true,"href":"https:\/\/www.europesays.com\/fr\/wp-json\/wp\/v2\/tags?post=47785"}],"curies":[{"name":"wp","href":"https:\/\/api.w.org\/{rel}","templated":true}]}}