{"id":477852,"date":"2025-10-20T20:26:12","date_gmt":"2025-10-20T20:26:12","guid":{"rendered":"https:\/\/www.europesays.com\/fr\/477852\/"},"modified":"2025-10-20T20:26:12","modified_gmt":"2025-10-20T20:26:12","slug":"leverkusen-psg-1-800-supporters-parisiens-attendus-en-allemagne-pour-le-match-de-ligue-des-champions","status":"publish","type":"post","link":"https:\/\/www.europesays.com\/fr\/477852\/","title":{"rendered":"Leverkusen-PSG\u00a0: 1\u00a0800 supporters parisiens attendus en Allemagne pour le match de Ligue des champions"},"content":{"rendered":"<p class=\"paragraph text_align_left lp-f-body-02\"><a href=\"https:\/\/www.leparisien.fr\/sports\/football\/psg\/\" target=\"_self\" rel=\"nofollow noopener\">Le Paris Saint-Germain<\/a> sera une nouvelle fois tr\u00e8s soutenu \u00e0 l\u2019ext\u00e9rieur en <a href=\"https:\/\/www.leparisien.fr\/sports\/football\/ligue-des-champions\/\" target=\"_blank\" rel=\"nofollow noopener\">Ligue des champions<\/a>. Habitu\u00e9s \u00e0 suivre leur club favori aux quatre coins de l\u2019Europe, les supporters du club de la capitale seront 1 800 \u00e0 garnir la BayArena <a href=\"https:\/\/www.leparisien.fr\/sports\/football\/ligue-des-champions\/bayer-leverkusen-psg-on-va-devoir-faire-notre-meilleur-match-pour-avoir-une-chance-estime-hjulmand-20-10-2025-23DEMW4ZQZA7NG3EJG5LEQVUGM.php\" target=\"_self\" rel=\"nofollow noopener\">pour la rencontre face au Bayer Leverkusen<\/a> ce mardi, \u00e0 l\u2019occasion de la troisi\u00e8me journ\u00e9e de la phase de ligue.<\/p>\n<p class=\"paragraph text_align_left lp-f-body-02\">Ce contingent sera majoritairement compos\u00e9 d\u2019ultras du PSG, puisque leur nombre est estim\u00e9 \u00e0 1 000. L\u2019attractivit\u00e9 des prix au sein du parcage visiteurs a certainement motiv\u00e9 les fans \u00e0 faire le d\u00e9placement, puisque les billets y sont commercialis\u00e9s pour 16 euros selon la billetterie du club allemand.<\/p>\n<p>Un deuxi\u00e8me d\u00e9placement en force apr\u00e8s Barcelone<\/p>\n<p class=\"paragraph text_align_left lp-f-body-02\">\u00c0 titre de comparaison, <a href=\"https:\/\/www.leparisien.fr\/sports\/football\/ligue-des-champions\/fc-barcelone-psg-2-700-supporters-parisiens-attendus-pour-le-match-de-ligue-des-champions-29-09-2025-CGRCCAENHFDVFCCC22O2VLQ5OU.php\" target=\"_self\" rel=\"nofollow noopener\">2 700 supporters parisiens avaient fait le d\u00e9placement \u00e0 Barcelone,<\/a> le 1er octobre dernier, <a href=\"https:\/\/www.leparisien.fr\/sports\/football\/ligue-des-champions\/barcelone-psg-1-2-enormes-les-parisiens-simposent-en-champions-et-donnent-une-petite-lecon-au-barca-01-10-2025-W3MWBBC6SJEHZFLL7V4LDQI22E.php\" target=\"_blank\" rel=\"nofollow noopener\">pour assister \u00e0 la victoire des champions d\u2019Europe face \u00e0 Lamine Yamal et ses partenaires (1-2)<\/a>.<\/p>\n<p class=\"paragraph text_align_left lp-f-body-02\">Pour cette troisi\u00e8me rencontre en Ligue des champions, Luis Enrique pourra compter sur <a href=\"https:\/\/www.leparisien.fr\/sports\/football\/ligue-des-champions\/bayer-leverkusen-psg-le-groupe-des-parisiens-avec-le-retour-de-dembele-et-marquinhos-20-10-2025-FZ2GUWFEBVGVXNFUUIM46WCI6I.php\" target=\"_self\" rel=\"nofollow noopener\">le retour dans le groupe d\u2019Ousmane Demb\u00e9l\u00e9 et de Marquinhos<\/a>. Les deux hommes ne devraient pas commencer la partie, contrairement \u00e0 Achraf Hakimi, Willian Pacho, Vitinha et Khvicha Kvaratskhelia, pr\u00e9serv\u00e9s ce vendredi face \u00e0 Strasbourg (3-3) et <a href=\"https:\/\/www.leparisien.fr\/sports\/football\/ligue-des-champions\/bayer-leverkusen-psg-la-composition-probable-avec-doue-barcola-et-kvaratskhelia-20-10-2025-HIVGNIRBMJAXHMPUPDFBGC2L44.php\" target=\"_self\" rel=\"nofollow noopener\">annonc\u00e9s titulaires<\/a>.<\/p>\n","protected":false},"excerpt":{"rendered":"Le Paris Saint-Germain sera une nouvelle fois tr\u00e8s soutenu \u00e0 l\u2019ext\u00e9rieur en Ligue des champions. Habitu\u00e9s \u00e0 suivre&hellip;\n","protected":false},"author":2,"featured_media":477853,"comment_status":"","ping_status":"","sticky":false,"template":"","format":"standard","meta":{"footnotes":""},"categories":[1587],"tags":[11,672,1804,1805,1803,1777,674,63,1801,447,12,1802,60],"class_list":{"0":"post-477852","1":"post","2":"type-post","3":"status-publish","4":"format-standard","5":"has-post-thumbnail","7":"category-allemagne","8":"tag-actualites","9":"tag-allemagne","10":"tag-bundesrepublik-deutschland","11":"tag-de","12":"tag-deutschland","13":"tag-eu","14":"tag-europe","15":"tag-football","16":"tag-germany","17":"tag-ligue-des-champions","18":"tag-news","19":"tag-republique-federale-dallemagne","20":"tag-sports"},"share_on_mastodon":{"url":"https:\/\/pubeurope.com\/@fr\/115408377364963992","error":""},"_links":{"self":[{"href":"https:\/\/www.europesays.com\/fr\/wp-json\/wp\/v2\/posts\/477852","targetHints":{"allow":["GET"]}}],"collection":[{"href":"https:\/\/www.europesays.com\/fr\/wp-json\/wp\/v2\/posts"}],"about":[{"href":"https:\/\/www.europesays.com\/fr\/wp-json\/wp\/v2\/types\/post"}],"author":[{"embeddable":true,"href":"https:\/\/www.europesays.com\/fr\/wp-json\/wp\/v2\/users\/2"}],"replies":[{"embeddable":true,"href":"https:\/\/www.europesays.com\/fr\/wp-json\/wp\/v2\/comments?post=477852"}],"version-history":[{"count":0,"href":"https:\/\/www.europesays.com\/fr\/wp-json\/wp\/v2\/posts\/477852\/revisions"}],"wp:featuredmedia":[{"embeddable":true,"href":"https:\/\/www.europesays.com\/fr\/wp-json\/wp\/v2\/media\/477853"}],"wp:attachment":[{"href":"https:\/\/www.europesays.com\/fr\/wp-json\/wp\/v2\/media?parent=477852"}],"wp:term":[{"taxonomy":"category","embeddable":true,"href":"https:\/\/www.europesays.com\/fr\/wp-json\/wp\/v2\/categories?post=477852"},{"taxonomy":"post_tag","embeddable":true,"href":"https:\/\/www.europesays.com\/fr\/wp-json\/wp\/v2\/tags?post=477852"}],"curies":[{"name":"wp","href":"https:\/\/api.w.org\/{rel}","templated":true}]}}