{"id":477854,"date":"2025-10-20T20:27:11","date_gmt":"2025-10-20T20:27:11","guid":{"rendered":"https:\/\/www.europesays.com\/fr\/477854\/"},"modified":"2025-10-20T20:27:11","modified_gmt":"2025-10-20T20:27:11","slug":"comment-la-suisse-cherche-a-exister-au-coeur-dune-europe-qui-se-rearme","status":"publish","type":"post","link":"https:\/\/www.europesays.com\/fr\/477854\/","title":{"rendered":"Comment la Suisse cherche \u00e0 exister au c\u0153ur d\u2019une Europe qui se r\u00e9arme"},"content":{"rendered":"<p><strong>Forum des 100 \u2013 La Suisse inoxydable face aux chocs g\u00e9opolitiques?<\/strong><br \/>Le monde est bouscul\u00e9 comme jamais. Guerres en Ukraine et au Moyen-Orient, retour de Donald Trump \u00e0 la Maison-Blanche, recul des d\u00e9mocraties. Et la Suisse dans tout \u00e7a?<\/p>\n<p>Nous en d\u00e9battrons avec des personnalit\u00e9s de divers horizons dont l\u2019ancien pr\u00e9sident de la Conf\u00e9d\u00e9ration Joseph Deiss, le directeur g\u00e9n\u00e9ral du CICR Pierre Kr\u00e4henb\u00fchl, la conseill\u00e8re administrative de la ville de Gen\u00e8ve Christina Kitsos ou encore notre dessinateur Patrick Chappatte.<\/p>\n<p>Rendez-vous le 23 octobre au SwissTech Convention Center \u00e0 Lausanne. Programme &amp; inscription: <a href=\"http:\/\/www.forumdes100.ch\" rel=\"nofollow noopener\" target=\"_blank\">www.forumdes100.ch<\/a><\/p>\n<p>    R\u00e9sum\u00e9 en 20 secondes<\/p>\n<p>        En savoir plus sur ce type de contenu<\/p>\n<p>Ce r\u00e9sum\u00e9 peut avoir \u00e9t\u00e9 \u00e9crit avec l&rsquo;assistance d\u2019une IA g\u00e9n\u00e9rative. <a href=\"https:\/\/www.letemps.ch\/cyber\/l-usage-de-l-ia-generative-par-les-journalistes-du-temps\" target=\"_blank\" rel=\"noopener\">En savoir plus<\/a><\/p>\n<p class=\"article__abstract-call-to-action\" data-ariato=\"TrackableElement\" data-trackable-element-type=\"article_abstract_cta\" data-trackable-element-location=\"article_header\" data-trackable-element-id=\"509788\">\n        <a data-event=\"click-&gt;clicked\" href=\"https:\/\/www.letemps.ch\/abonnements\" target=\"_blank\" rel=\"noopener\">Abonnez-vous<\/a> pour acc\u00e9der au r\u00e9sum\u00e9 en 20 secondes.\n      <\/p>\n<p>L\u2019Europe se r\u00e9arme \u00e0 vitesse grand V. Vladimir Poutine ne cesse de tester les capacit\u00e9s de r\u00e9action de l\u2019OTAN et de l\u2019UE, \u00e0 coups d\u2019incursions de drones et de chasseurs russes dans l\u2019espace a\u00e9rien europ\u00e9en, et dans ce contexte f\u00e9brile les dirigeants ajustent leurs programmes de d\u00e9fense. Un \u00abmur anti-drones\u00bb, pour consolider avant tout le flanc est de l\u2019Europe, est notamment en discussion. \u00abPlus aucun d\u2019entre nous ne peut se permettre d\u2019\u00eatre na\u00eff\u00bb, clamait r\u00e9cemment, depuis Copenhague, la premi\u00e8re ministre danoise, Mette Frederiksen, en accueillant deux sommets europ\u00e9ens. Personne, pas m\u00eame la Suisse.<\/p>\n<p>Jacques Pitteloud en sait quelque chose. Ambassadeur de Suisse aupr\u00e8s de l\u2019OTAN (et du royaume de Belgique), il a pour mission, \u00e0 Bruxelles, de faire comprendre que la Suisse n\u2019a aucune intention de devenir le \u00abventre mou\u00bb s\u00e9curitaire de l\u2019Europe. La Suisse n\u2019est membre ni de l\u2019OTAN, ni de l\u2019UE, et elle est neutre. \u00abMais notre principe de neutralit\u00e9 arm\u00e9e ne peut \u00eatre v\u00e9cu et pratiqu\u00e9 que si l\u2019on est r\u00e9ellement en mesure de se d\u00e9fendre\u00bb, insiste le diplomate. La Suisse ne peut donc rester \u00e0 l\u2019\u00e9cart de la course au r\u00e9armement et de l\u2019\u00e9volution technologique militaire, ne serait-ce que pour optimiser ses investissements dans la d\u00e9fense et garantir une meilleure interop\u00e9rabilit\u00e9.<\/p>\n","protected":false},"excerpt":{"rendered":"Forum des 100 \u2013 La Suisse inoxydable face aux chocs g\u00e9opolitiques?Le monde est bouscul\u00e9 comme jamais. Guerres en&hellip;\n","protected":false},"author":2,"featured_media":477855,"comment_status":"","ping_status":"","sticky":false,"template":"","format":"standard","meta":{"footnotes":""},"categories":[1586],"tags":[11,1777,674,1011,27,12,136,301,25,656,364],"class_list":{"0":"post-477854","1":"post","2":"type-post","3":"status-publish","4":"format-standard","5":"has-post-thumbnail","7":"category-europe","8":"tag-actualites","9":"tag-eu","10":"tag-europe","11":"tag-fr","12":"tag-france","13":"tag-news","14":"tag-otan","15":"tag-premium","16":"tag-republique-francaise","17":"tag-securite","18":"tag-union-europeenne"},"share_on_mastodon":{"url":"https:\/\/pubeurope.com\/@fr\/115408381286203591","error":""},"_links":{"self":[{"href":"https:\/\/www.europesays.com\/fr\/wp-json\/wp\/v2\/posts\/477854","targetHints":{"allow":["GET"]}}],"collection":[{"href":"https:\/\/www.europesays.com\/fr\/wp-json\/wp\/v2\/posts"}],"about":[{"href":"https:\/\/www.europesays.com\/fr\/wp-json\/wp\/v2\/types\/post"}],"author":[{"embeddable":true,"href":"https:\/\/www.europesays.com\/fr\/wp-json\/wp\/v2\/users\/2"}],"replies":[{"embeddable":true,"href":"https:\/\/www.europesays.com\/fr\/wp-json\/wp\/v2\/comments?post=477854"}],"version-history":[{"count":0,"href":"https:\/\/www.europesays.com\/fr\/wp-json\/wp\/v2\/posts\/477854\/revisions"}],"wp:featuredmedia":[{"embeddable":true,"href":"https:\/\/www.europesays.com\/fr\/wp-json\/wp\/v2\/media\/477855"}],"wp:attachment":[{"href":"https:\/\/www.europesays.com\/fr\/wp-json\/wp\/v2\/media?parent=477854"}],"wp:term":[{"taxonomy":"category","embeddable":true,"href":"https:\/\/www.europesays.com\/fr\/wp-json\/wp\/v2\/categories?post=477854"},{"taxonomy":"post_tag","embeddable":true,"href":"https:\/\/www.europesays.com\/fr\/wp-json\/wp\/v2\/tags?post=477854"}],"curies":[{"name":"wp","href":"https:\/\/api.w.org\/{rel}","templated":true}]}}