{"id":477864,"date":"2025-10-20T20:34:13","date_gmt":"2025-10-20T20:34:13","guid":{"rendered":"https:\/\/www.europesays.com\/fr\/477864\/"},"modified":"2025-10-20T20:34:13","modified_gmt":"2025-10-20T20:34:13","slug":"la-lnr-reagit-a-lhypothese-dun-championnat-a-12-equipes-et-tranche","status":"publish","type":"post","link":"https:\/\/www.europesays.com\/fr\/477864\/","title":{"rendered":"la LNR r\u00e9agit \u00e0 l\u2019hypoth\u00e8se d\u2019un championnat \u00e0 12 \u00e9quipes et tranche"},"content":{"rendered":"<p>Deux mois apr\u00e8s le lancement de la saison, le Top 14 semble divis\u00e9 en deux blocs. 12 \u00e9quipes engag\u00e9es dans une lutte dense pour le Top 6 de l&rsquo;un, puis deux formations \u00e0 la peine que sont Perpignan et Montauban de l&rsquo;autre. Ce d\u00e9s\u00e9quilibre apparent a relanc\u00e9 les sp\u00e9culations sur une \u00e9ventuelle r\u00e9duction du format.<\/p>\n<p>\u00a0<\/p>\n<p>Roubert ferme la porte \u00e0 une r\u00e9forme<\/p>\n<p>Il faut dire que pour Yann Roubert, pr\u00e9sident de la Ligue nationale de rugby, l\u2019id\u00e9e d\u2019un Top 12 n\u2019a pas lieu d\u2019\u00eatre. Dans un entretien accord\u00e9 au Progr\u00e8s, le patron de la LNR a \u00e9t\u00e9 cat\u00e9gorique. Il reconna\u00eet les difficult\u00e9s de Perpignan et Montauban, mais refuse de tirer des conclusions h\u00e2tives.<\/p>\n<p>\u00a0<\/p>\n<blockquote>\n<p>\u00ab La formule n\u2019est pas remise en cause. En tout cas, je ne vois pas pourquoi on devrait passer \u00e0 un Top 12. Certes, Perpignan et Montauban sont dans le dur en ce d\u00e9but de championnat, mais il ne faut enterrer aucun club. Tout va tr\u00e8s vite en Top 14, d\u2019un c\u00f4t\u00e9 comme de l\u2019autre \u00bb, a d\u00e9clar\u00e9 Roubert.<\/p>\n<\/blockquote>\n<p>Partagez cette info avec vos amis et vos proches en cliquant ici<br \/>Pour r\u00e9sumer<\/p>\n<p>Malgr\u00e9 les difficult\u00e9s de Perpignan et Montauban, Yann Roubert exclut toute r\u00e9forme du Top 14. Le pr\u00e9sident de la Ligue nationale de rugby d\u00e9fend le format \u00e0 14 clubs et appelle \u00e0 ne pas enterrer trop vite les \u00e9quipes en difficult\u00e9.<\/p>\n<p> <img decoding=\"async\" width=\"76\" height=\"76\" loading=\"lazy\" src=\"https:\/\/www.europesays.com\/fr\/wp-content\/uploads\/2025\/04\/avatar-quinze.png\" alt=\"Voldi Fr\u00e9jus\u00a0Hounvio\"\/><\/p>\n","protected":false},"excerpt":{"rendered":"Deux mois apr\u00e8s le lancement de la saison, le Top 14 semble divis\u00e9 en deux blocs. 12 \u00e9quipes&hellip;\n","protected":false},"author":2,"featured_media":477865,"comment_status":"","ping_status":"","sticky":false,"template":"","format":"standard","meta":{"footnotes":""},"categories":[1416],"tags":[1011,27,479,1468,60,478],"class_list":{"0":"post-477864","1":"post","2":"type-post","3":"status-publish","4":"format-standard","5":"has-post-thumbnail","7":"category-rugby","8":"tag-fr","9":"tag-france","10":"tag-rugby","11":"tag-rugby-football","12":"tag-sports","13":"tag-top-14"},"share_on_mastodon":{"url":"https:\/\/pubeurope.com\/@fr\/115408409843223836","error":""},"_links":{"self":[{"href":"https:\/\/www.europesays.com\/fr\/wp-json\/wp\/v2\/posts\/477864","targetHints":{"allow":["GET"]}}],"collection":[{"href":"https:\/\/www.europesays.com\/fr\/wp-json\/wp\/v2\/posts"}],"about":[{"href":"https:\/\/www.europesays.com\/fr\/wp-json\/wp\/v2\/types\/post"}],"author":[{"embeddable":true,"href":"https:\/\/www.europesays.com\/fr\/wp-json\/wp\/v2\/users\/2"}],"replies":[{"embeddable":true,"href":"https:\/\/www.europesays.com\/fr\/wp-json\/wp\/v2\/comments?post=477864"}],"version-history":[{"count":0,"href":"https:\/\/www.europesays.com\/fr\/wp-json\/wp\/v2\/posts\/477864\/revisions"}],"wp:featuredmedia":[{"embeddable":true,"href":"https:\/\/www.europesays.com\/fr\/wp-json\/wp\/v2\/media\/477865"}],"wp:attachment":[{"href":"https:\/\/www.europesays.com\/fr\/wp-json\/wp\/v2\/media?parent=477864"}],"wp:term":[{"taxonomy":"category","embeddable":true,"href":"https:\/\/www.europesays.com\/fr\/wp-json\/wp\/v2\/categories?post=477864"},{"taxonomy":"post_tag","embeddable":true,"href":"https:\/\/www.europesays.com\/fr\/wp-json\/wp\/v2\/tags?post=477864"}],"curies":[{"name":"wp","href":"https:\/\/api.w.org\/{rel}","templated":true}]}}