{"id":477887,"date":"2025-10-20T20:47:12","date_gmt":"2025-10-20T20:47:12","guid":{"rendered":"https:\/\/www.europesays.com\/fr\/477887\/"},"modified":"2025-10-20T20:47:12","modified_gmt":"2025-10-20T20:47:12","slug":"ce-spray-nasal-peut-proteger-contre-le-covid-et-la-grippe","status":"publish","type":"post","link":"https:\/\/www.europesays.com\/fr\/477887\/","title":{"rendered":"ce spray nasal peut prot\u00e9ger contre le Covid et la grippe"},"content":{"rendered":"<p class=\"app_entry_lead\">\n<p>                    <a title=\"\u00a0\u00a9\u00a0Olga Yastremska, New Africa, Africa Studio\" href=\"https:\/\/www.europesays.com\/fr\/wp-content\/uploads\/2025\/10\/81508128.jpg\" class=\"fancy\"><\/p>\n<p>                            <img loading=\"lazy\" decoding=\"async\" src=\"https:\/\/www.europesays.com\/fr\/wp-content\/uploads\/2025\/10\/81508128.jpg\" alt=\"&quot;Des r\u00e9sultats remarquables&quot;\u00a0: ce spray nasal peut prot\u00e9ger contre le Covid et la grippe\" width=\"1500\" height=\"1000\"\/><\/p>\n<p>                    <\/a><\/p>\n<p>                La France est touch\u00e9e par une nouvelle vague de Covid-19, et l&rsquo;\u00e9pid\u00e9mie de grippe devrait bient\u00f4t commencer. Un spray nasal, d\u00e9j\u00e0 commercialis\u00e9, peut r\u00e9duire le risque d&rsquo;infection aux virus respiratoires.<\/p>\n<p>A\u00a0l&rsquo;automne, c&rsquo;est le retour du froid, des t\u00e9l\u00e9films de No\u00ebl, des soupes&#8230; et des virus. Le Covid-19 est\u00a0revenu depuis cet \u00e9t\u00e9, et l&rsquo;\u00e9pid\u00e9mie de grippe commence g\u00e9n\u00e9ralement en novembre.\u00a0La campagne de vaccination contre ces deux virus a d&rsquo;ailleurs commenc\u00e9 le 14\u00a0octobre.\u00a0Si la vaccination et les gestes barri\u00e8res restent les meilleurs moyens de pr\u00e9vention, il en existerait un autre.<\/p>\n<p>Des chercheurs ont en effet d\u00e9couvert qu&rsquo;il \u00e9tait possible de r\u00e9duire le risque d&rsquo;infection au Covid-19 et \u00e0 la grippe gr\u00e2ce \u00e0 un spray nasal, d\u00e9j\u00e0 existant et commercialis\u00e9. Des chercheurs allemands ont r\u00e9cemment rapport\u00e9 les r\u00e9sultats prometteurs d&rsquo;un essai clinique portant sur 450 personnes, dont la moiti\u00e9 a \u00e9t\u00e9 trait\u00e9e avec le spray nasal, et l&rsquo;autre moiti\u00e9 avec un placebo. Leur <a href=\"https:\/\/jamanetwork.com\/journals\/jamainternalmedicine\/fullarticle\/2838335\" target=\"_blank\" rel=\"noopener\">\u00e9tude<\/a> a montr\u00e9 des \u00ab\u00a0r\u00e9sultats remarquables\u00a0\u00bb, rapportent les auteurs dans un <a href=\"https:\/\/www.eurekalert.org\/news-releases\/1096684\" target=\"_blank\" rel=\"noopener\">communiqu\u00e9<\/a>.<\/p>\n<p><img decoding=\"async\" alt=\"\" src=\"https:\/\/www.europesays.com\/fr\/wp-content\/uploads\/2025\/10\/81508923.jpg\"\/><\/p>\n<p>Le spray nasal test\u00e9 a en effet \u00ab\u00a0r\u00e9duit de deux tiers le risque d&rsquo;infection par le coronavirus\u00a0\u00bb. Dans le d\u00e9tail, seulement 2,2\u00a0% des personnes qui ont \u00e9t\u00e9 trait\u00e9es avec le spray nasal ont attrap\u00e9 le Covid-19, contre 6,7 % dans le groupe placebo. \u00ab\u00a0Ces r\u00e9sultats confirment le potentiel de l&rsquo;az\u00e9lastine en tant qu&rsquo;approche prophylactique s\u00fbre\u00a0\u00bb, affirment les auteurs, m\u00eame si d&rsquo;autres recherches doivent \u00eatre men\u00e9es\u00a0\u00ab\u00a0pour confirmer ces r\u00e9sultats et explorer l&rsquo;efficacit\u00e9 de l&rsquo;az\u00e9lastine contre d&rsquo;autres agents respiratoires\u00a0\u00bb a soulign\u00e9 le Pr Robert Bals, qui a dirig\u00e9 l&rsquo;\u00e9tude.\u00a0<\/p>\n<p>L&rsquo;az\u00e9lastine est un antihistaminique disponible en vente libre en traitement du rhume des foins. Il pourrait donc \u00eatre aussi efficace en pr\u00e9vention du Covid-19, ainsi que d&rsquo;autres virus respiratoires comme le rhinovirus (une cause de rhume) ou encore la grippe, m\u00eame si les \u00e9tudes sont moins avanc\u00e9es sur cette derni\u00e8re.\u00a0<\/p>\n<p>En 2023, des chercheurs avaient test\u00e9 l&rsquo;efficacit\u00e9 du spray nasal \u00e0 l&rsquo;az\u00e9lastine en laboratoire, sur des cultures de tissus humains.\u00a0Leur <a href=\"https:\/\/www.mdpi.com\/1999-4915\/15\/12\/2300\" target=\"_blank\" rel=\"noopener\">\u00e9tude<\/a> a fourni \u00ab\u00a0des preuves\u00a0\u00bb qu&rsquo;il pouvait \u00ab\u00a0inhiber l&rsquo;infection par le virus de la grippe A H1N1, r\u00e9duisant ainsi la charge virale\u00a0\u00bb. D&rsquo;autres recherches doivent donc \u00eatre men\u00e9es pour confirmer l&rsquo;efficacit\u00e9 de l&rsquo;az\u00e9lastine en pr\u00e9vention des virus de la grippe chez l&rsquo;Homme.\u00a0 <\/p>\n<p>Si ce spray nasal prouve son efficacit\u00e9 contre les virus respiratoires comme le Covid-19 ou la grippe, il pourrait ainsi repr\u00e9senter un compl\u00e9ment \u00e0 la vaccination, qui n&rsquo;est aujourd&rsquo;hui pas suffisante. Une telle option s\u00fbre, facile \u00e0 utiliser et d\u00e9j\u00e0 disponible pourrait r\u00e9duire l&rsquo;impact sanitaire de ces virus.\u00a0En 2024, la grippe a caus\u00e9 le d\u00e9c\u00e8s de 17\u00a0000\u00a0personnes.\u00a0Il est vivement conseill\u00e9 aux personnes fragiles de se faire vacciner rapidement contre le Covid-19 et la grippe.<\/p>\n","protected":false},"excerpt":{"rendered":"La France est touch\u00e9e par une nouvelle vague de Covid-19, et l&rsquo;\u00e9pid\u00e9mie de grippe devrait bient\u00f4t commencer. Un&hellip;\n","protected":false},"author":2,"featured_media":477888,"comment_status":"","ping_status":"","sticky":false,"template":"","format":"standard","meta":{"footnotes":""},"categories":[10],"tags":[60146,51761,51763,1011,27,72,51979,16292,51767,71],"class_list":{"0":"post-477887","1":"post","2":"type-post","3":"status-publish","4":"format-standard","5":"has-post-thumbnail","7":"category-sante","8":"tag-cms-linternaute-9006055","9":"tag-controller-content","10":"tag-format-papier","11":"tag-fr","12":"tag-france","13":"tag-health","14":"tag-les-histoires-de-linternaute","15":"tag-medicaments","16":"tag-parallaxeinfeed","17":"tag-sante"},"share_on_mastodon":{"url":"https:\/\/pubeurope.com\/@fr\/115408459944606488","error":""},"_links":{"self":[{"href":"https:\/\/www.europesays.com\/fr\/wp-json\/wp\/v2\/posts\/477887","targetHints":{"allow":["GET"]}}],"collection":[{"href":"https:\/\/www.europesays.com\/fr\/wp-json\/wp\/v2\/posts"}],"about":[{"href":"https:\/\/www.europesays.com\/fr\/wp-json\/wp\/v2\/types\/post"}],"author":[{"embeddable":true,"href":"https:\/\/www.europesays.com\/fr\/wp-json\/wp\/v2\/users\/2"}],"replies":[{"embeddable":true,"href":"https:\/\/www.europesays.com\/fr\/wp-json\/wp\/v2\/comments?post=477887"}],"version-history":[{"count":0,"href":"https:\/\/www.europesays.com\/fr\/wp-json\/wp\/v2\/posts\/477887\/revisions"}],"wp:featuredmedia":[{"embeddable":true,"href":"https:\/\/www.europesays.com\/fr\/wp-json\/wp\/v2\/media\/477888"}],"wp:attachment":[{"href":"https:\/\/www.europesays.com\/fr\/wp-json\/wp\/v2\/media?parent=477887"}],"wp:term":[{"taxonomy":"category","embeddable":true,"href":"https:\/\/www.europesays.com\/fr\/wp-json\/wp\/v2\/categories?post=477887"},{"taxonomy":"post_tag","embeddable":true,"href":"https:\/\/www.europesays.com\/fr\/wp-json\/wp\/v2\/tags?post=477887"}],"curies":[{"name":"wp","href":"https:\/\/api.w.org\/{rel}","templated":true}]}}