{"id":477897,"date":"2025-10-20T20:52:11","date_gmt":"2025-10-20T20:52:11","guid":{"rendered":"https:\/\/www.europesays.com\/fr\/477897\/"},"modified":"2025-10-20T20:52:11","modified_gmt":"2025-10-20T20:52:11","slug":"une-treizieme-depouille-restituee-135-tonnes-de-bombes-israeliennes-45-morts-palestiniens-lactu-du-conflit-au-proche-orient-ce-20-octobre","status":"publish","type":"post","link":"https:\/\/www.europesays.com\/fr\/477897\/","title":{"rendered":"Une treizi\u00e8me d\u00e9pouille restitu\u00e9e, 135 tonnes de bombes isra\u00e9liennes, 45 morts palestiniens\u2026 L\u2019actu du conflit au Proche-Orient ce 20\u00a0octobre"},"content":{"rendered":"<p class=\"sc-cPiKLX AiZTS text-element\">La r\u00e9daction de Lib\u00e9ration r\u00e9sume les principales actualit\u00e9s du jour sur le conflit au Proche-Orient. Le point pr\u00e9c\u00e9dent est \u00e0 lire <a href=\"https:\/\/www.liberation.fr\/international\/moyen-orient\/neuf-morts-dans-des-tirs-israeliens-retour-de-depouilles-palestiniennes-lonu-face-a-lacheminement-de-laide-humanitaire-lactu-du-conflit-au-proche-orient-ce-18-octobre-20251018_Z5FHQKLBTJHPPBNOTWHJX6CTR4\/\" target=\"_blank\" rel=\"noopener\" title=\"https:\/\/www.liberation.fr\/international\/moyen-orient\/neuf-morts-dans-des-tirs-israeliens-retour-de-depouilles-palestiniennes-lonu-face-a-lacheminement-de-laide-humanitaire-lactu-du-conflit-au-proche-orient-ce-18-octobre-20251018_Z5FHQKLBTJHPPBNOTWHJX6CTR4\/\">ici<\/a>. <\/p>\n<p class=\"sc-cPiKLX AiZTS text-element\">Vont-ils faire redescendre la pression ? En visite en Isra\u00ebl, les \u00e9missaires de Donald Trump Steve Witkoff et Jared Kushner ont rencontr\u00e9 lundi le Premier ministre, Benyamin N\u00e9tanyahou, au lendemain de violences meurtri\u00e8res dans la bande de Gaza ayant fait craindre un effondrement du cessez-le-feu. Apr\u00e8s des frappes isra\u00e9liennes dimanche, <a href=\"https:\/\/www.liberation.fr\/international\/moyen-orient\/gaza-trump-assure-que-le-cessez-le-feu-reste-en-vigueur-apres-des-frappes-israeliennes-20251020_IVNQ3LBU4JDL3JPOWLCJT7F55I\/\" target=\"_blank\" rel=\"noreferrer noopener\" title=\"https:\/\/www.liberation.fr\/international\/moyen-orient\/gaza-trump-assure-que-le-cessez-le-feu-reste-en-vigueur-apres-des-frappes-israeliennes-20251020_IVNQ3LBU4JDL3JPOWLCJT7F55I\/\">le pr\u00e9sident am\u00e9ricain a assur\u00e9 que celui-ci \u00e9tait toujours en vigueur.<\/a> Selon Shosh Bedrosian, porte-parole du gouvernement isra\u00e9lien, Benyamin N\u00e9tanyahou a justement re\u00e7u les deux \u00e9missaires \u00abpour discuter des derniers d\u00e9veloppements\u00bb. Le vice-pr\u00e9sident am\u00e9ricain, J.D. Vance, et son \u00e9pouse sont attendus en Isra\u00ebl pour une visite de \u00abquelques jours\u00bb et rencontreront \u00e9galement le Premier ministre, a-t-elle ajout\u00e9 sans pr\u00e9ciser de date. <\/p>\n<p class=\"sc-cPiKLX AiZTS text-element\">Cons\u00e9quence des violences raviv\u00e9es ce week-end entre Isra\u00ebl et le Hamas, la D\u00e9fense civile de la bande de Gaza a fait \u00e9tat d\u2019au moins 45 personnes tu\u00e9es dimanche <a href=\"https:\/\/www.liberation.fr\/international\/moyen-orient\/a-gaza-apres-une-semaine-de-treve-on-craint-le-retour-de-la-guerre-20251019_I77INY36HFAJJKYKZ3FSJXYRUM\/\" target=\"_blank\" rel=\"noreferrer noopener\" title=\"https:\/\/www.liberation.fr\/international\/moyen-orient\/a-gaza-apres-une-semaine-de-treve-on-craint-le-retour-de-la-guerre-20251019_I77INY36HFAJJKYKZ3FSJXYRUM\/\">au cours de frappes a\u00e9riennes isra\u00e9liennes sur le territoire palestinien,<\/a> r\u00e9visant \u00e0 la hausse un pr\u00e9c\u00e9dent bilan de 33 morts. Tsahal a d\u00e9clar\u00e9 avoir frapp\u00e9 dans la m\u00eame journ\u00e9e des dizaines de cibles du Hamas \u00e0 travers le territoire palestinien, apr\u00e8s que les deux camps se sont accus\u00e9s mutuellement de violer le cessez-le-feu en vigueur depuis le 10 octobre. <\/p>\n<p class=\"sc-cPiKLX AiZTS text-element\">Voil\u00e0 qui peut expliquer le lourd bilan humain des frappes. Benyamin N\u00e9tanyahou, a quantifi\u00e9 lundi les bombardements effectu\u00e9s la veille par Tsahal sur la bande de Gaza. \u00abNous avons largu\u00e9 hier 153 tonnes de bombes sur diff\u00e9rentes parties de la bande de Gaza apr\u00e8s que deux de nos soldats ont \u00e9t\u00e9 tu\u00e9s par le Hamas\u00bb, a d\u00e9clar\u00e9 le Premier ministre isra\u00e9lien \u00e0 la Knesset, le Parlement de l\u2019Etat h\u00e9breu, dont la session d\u2019hiver a \u00e9t\u00e9 officiellement ouverte lundi. <\/p>\n<p class=\"sc-cPiKLX AiZTS text-element\">Lui aussi avait fait les frais de la reprise des frappes, le point de passage de Kerem Shalom, entre l\u2019Etat h\u00e9breu et la bande de Gaza est rouvert. Isra\u00ebl avait d\u2019abord annonc\u00e9 dimanche suspendre l\u2019entr\u00e9e de l\u2019aide humanitaire \u00e0 Gaza, qui se fait par ce couloir, \u00abjusqu\u2019\u00e0 nouvel ordre\u00bb. Mais \u00e0 la faveur d\u2019un retournement de situation survenu le m\u00eame jour dans la soir\u00e9e, il a bien \u00e9t\u00e9 rouvert ce lundi. Apr\u00e8s une journ\u00e9e de tensions, <a href=\"https:\/\/www.liberation.fr\/international\/moyen-orient\/accord-de-cessez-le-feu-israel-et-le-hamas-saccusent-mutuellement-de-violation-de-la-treve-20251019_GZXEQWMRK5E3FFK33I4S3T2Z2M\/\" target=\"_blank\" rel=\"noopener\" title=\"https:\/\/www.liberation.fr\/international\/moyen-orient\/accord-de-cessez-le-feu-israel-et-le-hamas-saccusent-mutuellement-de-violation-de-la-treve-20251019_GZXEQWMRK5E3FFK33I4S3T2Z2M\/\">l\u2019arm\u00e9e isra\u00e9lienne avait effectivement affirm\u00e9 qu\u2019elle allait cesser ses frappes<\/a> dans la bande de Gaza et reprendre l\u2019application du cessez-le-feu, ce qui a permis cette r\u00e9ouverture. En revanche, la r\u00e9ouverture du strat\u00e9gique poste-fronti\u00e8re de Rafah, entre la bande de Gaza et l\u2019Egypte, \u00e9galement pr\u00e9vue dans le cadre du plan Trump, reste en suspens malgr\u00e9 les appels des agences des Nations unies et d\u2019autres acteurs majeurs comme la Croix-Rouge ou le Croissant-Rouge. <\/p>\n<p class=\"sc-cPiKLX AiZTS text-element\">Les frappes cessent et les \u00e9changes reprennent. La branche arm\u00e9e du Hamas a annonc\u00e9 lundi qu\u2019elle restituerait \u00e0 19 heures, heure fran\u00e7aise, <a href=\"https:\/\/www.liberation.fr\/international\/moyen-orient\/en-israel-apres-le-retour-des-otages-la-bataille-des-recits-peut-commencer-20251019_TWOAUYIABNDFBGFUZ5O5KFYK3E\/\" target=\"_blank\" rel=\"noreferrer noopener\" title=\"https:\/\/www.liberation.fr\/international\/moyen-orient\/en-israel-apres-le-retour-des-otages-la-bataille-des-recits-peut-commencer-20251019_TWOAUYIABNDFBGFUZ5O5KFYK3E\/\">une d\u00e9pouille d\u2019otage<\/a> qu\u2019elle avait annonc\u00e9 avoir retrouv\u00e9 la veille, selon un communiqu\u00e9 diffus\u00e9 sur les r\u00e9seaux sociaux. Isra\u00ebl a confirm\u00e9 ce lundi soir avoir r\u00e9cup\u00e9r\u00e9 le corps par l\u2019interm\u00e9diaire de la Croix-Rouge. Il doit \u00eatre rapatri\u00e9 en Isra\u00ebl et transf\u00e9r\u00e9 au centre m\u00e9dico-l\u00e9gal en vue de son identification. Il s\u2019agirait du 13e otage mort d\u00e9tenu \u00e0 Gaza rendu sur les 28 que le mouvement islamiste s\u2019est engag\u00e9 \u00e0 restituer \u00e0 Isra\u00ebl dans le cadre de l\u2019accord de cessez-le-feu dans la bande de Gaza. <\/p>\n<p class=\"sc-cPiKLX AiZTS text-element\"><b>Mis \u00e0 jour<\/b> \u00e0 21 h 20 avec le communiqu\u00e9 d\u2019Isra\u00ebl sur la d\u00e9pouille restitu\u00e9e. <\/p>\n","protected":false},"excerpt":{"rendered":"La r\u00e9daction de Lib\u00e9ration r\u00e9sume les principales actualit\u00e9s du jour sur le conflit au Proche-Orient. Le point pr\u00e9c\u00e9dent&hellip;\n","protected":false},"author":2,"featured_media":477898,"comment_status":"","ping_status":"","sticky":false,"template":"","format":"standard","meta":{"footnotes":""},"categories":[5],"tags":[11,952,1011,27,3522,14,12,28],"class_list":{"0":"post-477897","1":"post","2":"type-post","3":"status-publish","4":"format-standard","5":"has-post-thumbnail","7":"category-international","8":"tag-actualites","9":"tag-benyamin-netanyahou","10":"tag-fr","11":"tag-france","12":"tag-guerre-hamas-israel","13":"tag-international","14":"tag-news","15":"tag-world"},"share_on_mastodon":{"url":"https:\/\/pubeurope.com\/@fr\/115408479491980940","error":""},"_links":{"self":[{"href":"https:\/\/www.europesays.com\/fr\/wp-json\/wp\/v2\/posts\/477897","targetHints":{"allow":["GET"]}}],"collection":[{"href":"https:\/\/www.europesays.com\/fr\/wp-json\/wp\/v2\/posts"}],"about":[{"href":"https:\/\/www.europesays.com\/fr\/wp-json\/wp\/v2\/types\/post"}],"author":[{"embeddable":true,"href":"https:\/\/www.europesays.com\/fr\/wp-json\/wp\/v2\/users\/2"}],"replies":[{"embeddable":true,"href":"https:\/\/www.europesays.com\/fr\/wp-json\/wp\/v2\/comments?post=477897"}],"version-history":[{"count":0,"href":"https:\/\/www.europesays.com\/fr\/wp-json\/wp\/v2\/posts\/477897\/revisions"}],"wp:featuredmedia":[{"embeddable":true,"href":"https:\/\/www.europesays.com\/fr\/wp-json\/wp\/v2\/media\/477898"}],"wp:attachment":[{"href":"https:\/\/www.europesays.com\/fr\/wp-json\/wp\/v2\/media?parent=477897"}],"wp:term":[{"taxonomy":"category","embeddable":true,"href":"https:\/\/www.europesays.com\/fr\/wp-json\/wp\/v2\/categories?post=477897"},{"taxonomy":"post_tag","embeddable":true,"href":"https:\/\/www.europesays.com\/fr\/wp-json\/wp\/v2\/tags?post=477897"}],"curies":[{"name":"wp","href":"https:\/\/api.w.org\/{rel}","templated":true}]}}