{"id":477919,"date":"2025-10-20T21:06:31","date_gmt":"2025-10-20T21:06:31","guid":{"rendered":"https:\/\/www.europesays.com\/fr\/477919\/"},"modified":"2025-10-20T21:06:31","modified_gmt":"2025-10-20T21:06:31","slug":"grenoble-les-mysteres-de-la-ville-reveles-pour-halloween","status":"publish","type":"post","link":"https:\/\/www.europesays.com\/fr\/477919\/","title":{"rendered":"Grenoble. Les myst\u00e8res de la ville r\u00e9v\u00e9l\u00e9s pour Halloween"},"content":{"rendered":"<p>Plongez dans les myst\u00e8res de Grenoble pour Halloween avec une visite guid\u00e9e sp\u00e9ciale, o\u00f9 histoires de fant\u00f4mes et l\u00e9gendes anciennes vous attendent. Venez d\u00e9guis\u00e9s pour participer \u00e0 des activit\u00e9s amusantes et des farces, et gagnez des friandises surprises tout au long du parcours.<\/p>\n<p class=\"note\">Samedi\u00a025 et mardi 28\u00a0octobre de 15\u00a0h \u00e0 16\u00a0h\u00a030 au d\u00e9part de l\u2019office de tourisme de Grenoble. Tarif 6\u00a0\u20ac.<\/p>\n","protected":false},"excerpt":{"rendered":"Plongez dans les myst\u00e8res de Grenoble pour Halloween avec une visite guid\u00e9e sp\u00e9ciale, o\u00f9 histoires de fant\u00f4mes et&hellip;\n","protected":false},"author":2,"featured_media":477920,"comment_status":"","ping_status":"","sticky":false,"template":"","format":"standard","meta":{"footnotes":""},"categories":[9566],"tags":[1111,11,2430,1687,112,1777,674,1011,27,2731,2732,108,12,25,3140],"class_list":{"0":"post-477919","1":"post","2":"type-post","3":"status-publish","4":"format-standard","5":"has-post-thumbnail","7":"category-grenoble","8":"tag-actu","9":"tag-actualites","10":"tag-auvergne-rhone-alpes","11":"tag-culture-loisirs","12":"tag-edition-grenoble-agglomeration","13":"tag-eu","14":"tag-europe","15":"tag-fr","16":"tag-france","17":"tag-grenoble","18":"tag-grenoble-bassin","19":"tag-isere","20":"tag-news","21":"tag-republique-francaise","22":"tag-spectacle"},"share_on_mastodon":{"url":"https:\/\/pubeurope.com\/@fr\/115408534404974798","error":""},"_links":{"self":[{"href":"https:\/\/www.europesays.com\/fr\/wp-json\/wp\/v2\/posts\/477919","targetHints":{"allow":["GET"]}}],"collection":[{"href":"https:\/\/www.europesays.com\/fr\/wp-json\/wp\/v2\/posts"}],"about":[{"href":"https:\/\/www.europesays.com\/fr\/wp-json\/wp\/v2\/types\/post"}],"author":[{"embeddable":true,"href":"https:\/\/www.europesays.com\/fr\/wp-json\/wp\/v2\/users\/2"}],"replies":[{"embeddable":true,"href":"https:\/\/www.europesays.com\/fr\/wp-json\/wp\/v2\/comments?post=477919"}],"version-history":[{"count":0,"href":"https:\/\/www.europesays.com\/fr\/wp-json\/wp\/v2\/posts\/477919\/revisions"}],"wp:featuredmedia":[{"embeddable":true,"href":"https:\/\/www.europesays.com\/fr\/wp-json\/wp\/v2\/media\/477920"}],"wp:attachment":[{"href":"https:\/\/www.europesays.com\/fr\/wp-json\/wp\/v2\/media?parent=477919"}],"wp:term":[{"taxonomy":"category","embeddable":true,"href":"https:\/\/www.europesays.com\/fr\/wp-json\/wp\/v2\/categories?post=477919"},{"taxonomy":"post_tag","embeddable":true,"href":"https:\/\/www.europesays.com\/fr\/wp-json\/wp\/v2\/tags?post=477919"}],"curies":[{"name":"wp","href":"https:\/\/api.w.org\/{rel}","templated":true}]}}