{"id":477939,"date":"2025-10-20T21:17:11","date_gmt":"2025-10-20T21:17:11","guid":{"rendered":"https:\/\/www.europesays.com\/fr\/477939\/"},"modified":"2025-10-20T21:17:11","modified_gmt":"2025-10-20T21:17:11","slug":"ce-parc-a-jeux-de-650m%c2%b2-pour-enfants-ouvre-bientot-ses-portes-dans-le-centre-de-bordeaux","status":"publish","type":"post","link":"https:\/\/www.europesays.com\/fr\/477939\/","title":{"rendered":"Ce parc \u00e0 jeux de 650m\u00b2 pour enfants ouvre bient\u00f4t ses portes dans le centre de Bordeaux"},"content":{"rendered":"<p>            Par<br \/>\n        <strong><br \/>\n            <a href=\"https:\/\/actu.fr\/auteur\/julian-doubax\" title=\"Consulter tous les articles de Julian Doubax\" rel=\"nofollow noopener\" target=\"_blank\">Julian Doubax<\/a><br \/>\n        <\/strong><\/p>\n<p>        Publi\u00e9 le<\/p>\n<p>            20 oct. 2025 \u00e0 15h40        <\/p>\n<p>Un nouveau rep\u00e8re pour les enfants de 0 \u00e0 10\u00a0ans s\u2019installe \u00e0 Bordeaux. Samedi 25\u00a0octobre 2025, <strong>Palomano<\/strong> ouvre ses portes dans le cours du M\u00e9doc, dans le quartier des <a href=\"https:\/\/actu.fr\/nouvelle-aquitaine\/bordeaux_33063\/opposes-a-la-mairie-de-bordeaux-sur-la-vegetalisation-d-une-place-ces-riverains-echouent-devant-la-justice_63022216.html\" rel=\"nofollow noopener\" target=\"_blank\">Chartrons<\/a>. L\u2019enseigne de parcs ludo-\u00e9ducatifs immersif est d\u00e9j\u00e0 pr\u00e9sente dans d\u2019autres <a href=\"https:\/\/actu.fr\/occitanie\/nimes_30189\/un-parc-a-theme-s-installe-a-nimes-il-est-gratuit-pour-les-enfants_63311017.html\" rel=\"nofollow noopener\" target=\"_blank\">villes<\/a> fran\u00e7aises comme Nantes, Lille ou Toulouse.<\/p>\n<p class=\" wall-content\">Dans ce parc de 650m\u00b2, les enfants pourront s\u2019amuser dans une <strong>mini-ville<\/strong> bas\u00e9e sur le th\u00e8me des m\u00e9tiers et de la vie quotidienne. Dans cet <strong>environnement<\/strong>, ils pourront apprennent certaines professions et devenir chefs cuisiniers, pompiers ou encore pilotes d\u2019avion le temps d\u2019un instant.<\/p>\n<p>Des animateurs pour sensibiliser les enfants<\/p>\n<p class=\" wall-content\">Plusieurs lieux sont recr\u00e9\u00e9s dans ce parc comme un <strong>supermarch\u00e9<\/strong>, un <strong>a\u00e9roport<\/strong>, un salon de beaut\u00e9 ou encore un commissariat. Des jeux, jouets et d\u00e9guisements sont \u00e9galement mis \u00e0 disposition des enfants pour une immersion totale. Des animateurs sensibilisent aussi les jeunes sur des th\u00e9matiques soci\u00e9tales comme l\u2019\u00e9cologie, la diversit\u00e9 ou le bien-\u00eatre.<\/p>\n<p class=\" wall-content\">L\u2019ouverture de ce onzi\u00e8me parc Palomano, notre huiti\u00e8me franchise, marque un nouveau chapitre passionnant, et nous sommes particuli\u00e8rement fiers de le vivre \u00e0 Bordeaux\u2009! C\u2019est <strong>une ville pleine de vie<\/strong>, de familles, d\u2019enfants curieux, exactement ce que l\u2019on aime\u2009\u00bb, confie Nathan Mendelson, cofondateur de Palomano, enseigne qui a vu le jour en 2022.<\/p>\n<p>Palomano<br \/>170 cours du M\u00e9doc, 33000 Bordeaux<br \/>Ouvert de 14h40 \u00e0 19h les mardis, jeudi et vendredi et de 9h20 \u00e0 19h les mercredis, samedi et dimanche (hors vacances scolaires)<br \/>Ouvert tous les jours de 9h20 \u00e0 19h et de 13h \u00e0 19h le mardi et jeudi<br \/>Tarifs\u2009: 15\u00a0euros les mercredis, samedi, dimanche pour les enfants (0 \u00e0 10\u00a0ans) et 7\u00a0euros pour les adultes<br \/>13\u00a0euros les mardis, jeudi, vendredi pour les enfants et 5\u00a0euros pour les adultes<\/p>\n<p class=\" wall-content\">Personnalisez votre actualit\u00e9 en ajoutant vos villes et m\u00e9dias en favori avec <a href=\"https:\/\/moncompte.actu.fr\" title=\"D\u00e9couvez Mon Actu\" rel=\"nofollow noopener\" data-trk=\"{&quot;cta&quot;:{&quot;action&quot;:&quot;https:\\\/\\\/moncompte.actu.fr&quot;,&quot;category&quot;:&quot;mon compte&quot;,&quot;from&quot;:&quot;article footer&quot;,&quot;name&quot;:&quot;Mon actu&quot;,&quot;type&quot;:&quot;cta&quot;}}\" target=\"_blank\">Mon Actu<\/a>.<\/p>\n","protected":false},"excerpt":{"rendered":"Par Julian Doubax Publi\u00e9 le 20 oct. 2025 \u00e0 15h40 Un nouveau rep\u00e8re pour les enfants de 0&hellip;\n","protected":false},"author":2,"featured_media":477940,"comment_status":"","ping_status":"","sticky":false,"template":"","format":"standard","meta":{"footnotes":""},"categories":[2817],"tags":[1111,11,1997,1719,1777,674,1011,27,12,2219,25,104],"class_list":{"0":"post-477939","1":"post","2":"type-post","3":"status-publish","4":"format-standard","5":"has-post-thumbnail","7":"category-bordeaux","8":"tag-actu","9":"tag-actualites","10":"tag-bordeaux","11":"tag-enfants","12":"tag-eu","13":"tag-europe","14":"tag-fr","15":"tag-france","16":"tag-news","17":"tag-nouvelle-aquitaine","18":"tag-republique-francaise","19":"tag-societe"},"share_on_mastodon":{"url":"https:\/\/pubeurope.com\/@fr\/115408577706245582","error":""},"_links":{"self":[{"href":"https:\/\/www.europesays.com\/fr\/wp-json\/wp\/v2\/posts\/477939","targetHints":{"allow":["GET"]}}],"collection":[{"href":"https:\/\/www.europesays.com\/fr\/wp-json\/wp\/v2\/posts"}],"about":[{"href":"https:\/\/www.europesays.com\/fr\/wp-json\/wp\/v2\/types\/post"}],"author":[{"embeddable":true,"href":"https:\/\/www.europesays.com\/fr\/wp-json\/wp\/v2\/users\/2"}],"replies":[{"embeddable":true,"href":"https:\/\/www.europesays.com\/fr\/wp-json\/wp\/v2\/comments?post=477939"}],"version-history":[{"count":0,"href":"https:\/\/www.europesays.com\/fr\/wp-json\/wp\/v2\/posts\/477939\/revisions"}],"wp:featuredmedia":[{"embeddable":true,"href":"https:\/\/www.europesays.com\/fr\/wp-json\/wp\/v2\/media\/477940"}],"wp:attachment":[{"href":"https:\/\/www.europesays.com\/fr\/wp-json\/wp\/v2\/media?parent=477939"}],"wp:term":[{"taxonomy":"category","embeddable":true,"href":"https:\/\/www.europesays.com\/fr\/wp-json\/wp\/v2\/categories?post=477939"},{"taxonomy":"post_tag","embeddable":true,"href":"https:\/\/www.europesays.com\/fr\/wp-json\/wp\/v2\/tags?post=477939"}],"curies":[{"name":"wp","href":"https:\/\/api.w.org\/{rel}","templated":true}]}}