{"id":47794,"date":"2025-04-23T23:38:08","date_gmt":"2025-04-23T23:38:08","guid":{"rendered":"https:\/\/www.europesays.com\/fr\/47794\/"},"modified":"2025-04-23T23:38:08","modified_gmt":"2025-04-23T23:38:08","slug":"previsions-du-jeudi-24-avril-2025-7","status":"publish","type":"post","link":"https:\/\/www.europesays.com\/fr\/47794\/","title":{"rendered":"pr\u00e9visions du jeudi 24 avril 2025"},"content":{"rendered":"<p>Aujourd&rsquo;hui, \u00e0 Lyon, on sera sous un ciel bien gris, couvert de nuages. Mauvais temps : on pr\u00e9voit des pluies \u00e9parses. Les valeurs seront comprises entre 8 et 15\u00b0C. Il va faire 12\u00b0C en moyenne le matin. Un vent de nord-ouest soufflera doucement. L&rsquo;apr\u00e8s-midi, le soleil sera cach\u00e9 derri\u00e8re des nuages. Les temp\u00e9ratures s&rsquo;\u00e9chelonneront entre 14\u00b0C et 15\u00b0C. Le temps devrait s&rsquo;am\u00e9liorer durant la soir\u00e9e. On passera de jeudi \u00e0 vendredi par une nuit claire.<\/p>\n<p>L&rsquo;air ambiant va se r\u00e9chauffer demain \u00e0 Lyon avec une hausse de quelques degr\u00e9s. Les valeurs afficheront entre 8 et 18\u00b0C. Une l\u00e9g\u00e8re brise de nord-ouest sera ressentie par les habitants. La matin\u00e9e va rester grise \u00e0 cause de nuages qui perdurent dans le ciel. Des pluies \u00e9parses sont attendues. Demain apr\u00e8s-midi, un beau soleil rayonnera. Les temp\u00e9ratures vont grimper de quelques degr\u00e9s. Les valeurs seront de 16\u00b0C au minimum et de 18\u00b0C au plus haut.<\/p>\n<p>Les jours se suivent et se ressemblent. Pr\u00e9voyez 12\u00b0C en moyenne qui accompagneront des journ\u00e9es ensoleill\u00e9es.<\/p>\n<p><\/p>\n","protected":false},"excerpt":{"rendered":"Aujourd&rsquo;hui, \u00e0 Lyon, on sera sous un ciel bien gris, couvert de nuages. Mauvais temps : on pr\u00e9voit&hellip;\n","protected":false},"author":2,"featured_media":47795,"comment_status":"","ping_status":"","sticky":false,"template":"","format":"standard","meta":{"footnotes":""},"categories":[1889],"tags":[1111,11,2430,1777,674,1011,27,2428,12,2119,25,2429,2431],"class_list":{"0":"post-47794","1":"post","2":"type-post","3":"status-publish","4":"format-standard","5":"has-post-thumbnail","7":"category-lyon","8":"tag-actu","9":"tag-actualites","10":"tag-auvergne-rhone-alpes","11":"tag-eu","12":"tag-europe","13":"tag-fr","14":"tag-france","15":"tag-lyon","16":"tag-news","17":"tag-previsions-meteo","18":"tag-republique-francaise","19":"tag-rhone","20":"tag-rhone-alpes"},"share_on_mastodon":{"url":"https:\/\/pubeurope.com\/@fr\/114389916357746921","error":""},"_links":{"self":[{"href":"https:\/\/www.europesays.com\/fr\/wp-json\/wp\/v2\/posts\/47794","targetHints":{"allow":["GET"]}}],"collection":[{"href":"https:\/\/www.europesays.com\/fr\/wp-json\/wp\/v2\/posts"}],"about":[{"href":"https:\/\/www.europesays.com\/fr\/wp-json\/wp\/v2\/types\/post"}],"author":[{"embeddable":true,"href":"https:\/\/www.europesays.com\/fr\/wp-json\/wp\/v2\/users\/2"}],"replies":[{"embeddable":true,"href":"https:\/\/www.europesays.com\/fr\/wp-json\/wp\/v2\/comments?post=47794"}],"version-history":[{"count":0,"href":"https:\/\/www.europesays.com\/fr\/wp-json\/wp\/v2\/posts\/47794\/revisions"}],"wp:featuredmedia":[{"embeddable":true,"href":"https:\/\/www.europesays.com\/fr\/wp-json\/wp\/v2\/media\/47795"}],"wp:attachment":[{"href":"https:\/\/www.europesays.com\/fr\/wp-json\/wp\/v2\/media?parent=47794"}],"wp:term":[{"taxonomy":"category","embeddable":true,"href":"https:\/\/www.europesays.com\/fr\/wp-json\/wp\/v2\/categories?post=47794"},{"taxonomy":"post_tag","embeddable":true,"href":"https:\/\/www.europesays.com\/fr\/wp-json\/wp\/v2\/tags?post=47794"}],"curies":[{"name":"wp","href":"https:\/\/api.w.org\/{rel}","templated":true}]}}