{"id":477951,"date":"2025-10-20T21:23:12","date_gmt":"2025-10-20T21:23:12","guid":{"rendered":"https:\/\/www.europesays.com\/fr\/477951\/"},"modified":"2025-10-20T21:23:12","modified_gmt":"2025-10-20T21:23:12","slug":"un-accident-impliquant-trois-vehicules-provoque-un-fort-bouchon-sur-la50-a-marseille","status":"publish","type":"post","link":"https:\/\/www.europesays.com\/fr\/477951\/","title":{"rendered":"un accident, impliquant trois v\u00e9hicules, provoque un fort bouchon sur l&rsquo;A50 \u00e0 Marseille"},"content":{"rendered":"<p>Sur l&rsquo;autoroute A50, la circulation est encore satur\u00e9e, ce lundi \u00e0 cette heure. Et ce, dans le sens Aubagne-Marseille. Entre La Pomme et la Penne-sur-Huveaune. Ce qui repr\u00e9sente pr\u00e8s de 5 kilom\u00e8tres de bouchon.<\/p>\n<p>La raison : un accident impliquant trois v\u00e9hicules et ayant provoqu\u00e9 la neutralisation de deux voies. Depuis quelques minutes, une voie, celle du milieu, a \u00e9t\u00e9 rendue \u00e0 la circulation. Mais la voie rapide reste ferm\u00e9e dans le secteur du choc. Il reste un v\u00e9hicule a d\u00e9gag\u00e9 de la chauss\u00e9e par une d\u00e9panneuse.<\/p>\n","protected":false},"excerpt":{"rendered":"Sur l&rsquo;autoroute A50, la circulation est encore satur\u00e9e, ce lundi \u00e0 cette heure. Et ce, dans le sens&hellip;\n","protected":false},"author":2,"featured_media":456406,"comment_status":"","ping_status":"","sticky":false,"template":"","format":"standard","meta":{"footnotes":""},"categories":[2814],"tags":[17,119,1111,11,1777,674,1011,27,7726,1922,884,12,882,7481,16,25,1097,1100,7727],"class_list":{"0":"post-477951","1":"post","2":"type-post","3":"status-publish","4":"format-standard","5":"has-post-thumbnail","7":"category-marseille","8":"tag-17","9":"tag-accident","10":"tag-actu","11":"tag-actualites","12":"tag-eu","13":"tag-europe","14":"tag-fr","15":"tag-france","16":"tag-impliquant","17":"tag-info","18":"tag-marseille","19":"tag-news","20":"tag-provence-alpes-cote-dazur","21":"tag-provoque","22":"tag-region","23":"tag-republique-francaise","24":"tag-trafic","25":"tag-trois","26":"tag-vehicules"},"share_on_mastodon":{"url":"https:\/\/pubeurope.com\/@fr\/115408601352400960","error":""},"_links":{"self":[{"href":"https:\/\/www.europesays.com\/fr\/wp-json\/wp\/v2\/posts\/477951","targetHints":{"allow":["GET"]}}],"collection":[{"href":"https:\/\/www.europesays.com\/fr\/wp-json\/wp\/v2\/posts"}],"about":[{"href":"https:\/\/www.europesays.com\/fr\/wp-json\/wp\/v2\/types\/post"}],"author":[{"embeddable":true,"href":"https:\/\/www.europesays.com\/fr\/wp-json\/wp\/v2\/users\/2"}],"replies":[{"embeddable":true,"href":"https:\/\/www.europesays.com\/fr\/wp-json\/wp\/v2\/comments?post=477951"}],"version-history":[{"count":0,"href":"https:\/\/www.europesays.com\/fr\/wp-json\/wp\/v2\/posts\/477951\/revisions"}],"wp:featuredmedia":[{"embeddable":true,"href":"https:\/\/www.europesays.com\/fr\/wp-json\/wp\/v2\/media\/456406"}],"wp:attachment":[{"href":"https:\/\/www.europesays.com\/fr\/wp-json\/wp\/v2\/media?parent=477951"}],"wp:term":[{"taxonomy":"category","embeddable":true,"href":"https:\/\/www.europesays.com\/fr\/wp-json\/wp\/v2\/categories?post=477951"},{"taxonomy":"post_tag","embeddable":true,"href":"https:\/\/www.europesays.com\/fr\/wp-json\/wp\/v2\/tags?post=477951"}],"curies":[{"name":"wp","href":"https:\/\/api.w.org\/{rel}","templated":true}]}}