{"id":477954,"date":"2025-10-20T21:25:13","date_gmt":"2025-10-20T21:25:13","guid":{"rendered":"https:\/\/www.europesays.com\/fr\/477954\/"},"modified":"2025-10-20T21:25:13","modified_gmt":"2025-10-20T21:25:13","slug":"lyon-une-jeune-fille-a-trottinette-renversee-par-le-conducteur-dun-utilitaire-en-fuite","status":"publish","type":"post","link":"https:\/\/www.europesays.com\/fr\/477954\/","title":{"rendered":"Lyon. Une jeune fille \u00e0 trottinette renvers\u00e9e par le conducteur d\u2019un utilitaire en fuite"},"content":{"rendered":"<p>Une jeune fille circulant \u00e0 trottinette a \u00e9t\u00e9 percut\u00e9e par un utilitaire Renault Trafic ce lundi 20\u00a0octobre, vers 19\u00a0h\u00a020, dans le 1er arrondissement de Lyon. L\u2019accident s\u2019est produit au niveau 2 de la rue du B\u00e2t-d\u2019Argent, alors que le v\u00e9hicule arrivait depuis la rue du Pr\u00e9sident-\u00c9douard-Herriot selon nos informations.<\/p>\n<p>Selon nos informations, le conducteur de l\u2019utilitaire aurait coup\u00e9 la route \u00e0 la trottinette avant de la heurter, puis de poursuivre sa route en direction du quai du Rh\u00f4ne sans s\u2019arr\u00eater.<\/p>\n<p>  La vid\u00e9oprotection pass\u00e9e au crible<\/p>\n<p>Rapidement alert\u00e9s, les secours sont intervenus. La jeune victime, bless\u00e9e \u00e0 la cheville, a \u00e9t\u00e9 prise en charge par les \u00e9quipes m\u00e9dicales et transport\u00e9e \u00e0 l\u2019h\u00f4pital Saint-Luc Saint-Joseph.<\/p>\n<p>Ce contenu est bloqu\u00e9 car vous n&rsquo;avez pas accept\u00e9 les cookies et autres traceurs.<\/p>\n<p>En cliquant sur \u00ab J\u2019accepte \u00bb, les cookies et autres traceurs seront d\u00e9pos\u00e9s et vous pourrez visualiser les contenus  (<a href=\"\" class=\"consentModule_policy\" target=\"_blank\" title=\"Consulter la politique de protection des donn\u00e9es du fournisseur\">plus d&rsquo;informations<\/a>).<\/p>\n<p>En cliquant sur \u00ab J\u2019accepte tous les cookies \u00bb, vous autorisez des d\u00e9p\u00f4ts de cookies et autres traceurs pour le stockage de vos donn\u00e9es sur nos sites et applications \u00e0 des fins de personnalisation et de ciblage publicitaire.<\/p>\n<p class=\"consentModule_secondaryText\">Vous gardez la possibilit\u00e9 de retirer votre consentement \u00e0 tout moment en consultant notre <a href=\"https:\/\/www.leprogres.fr\/protection-des-donnees\" target=\"_blank\" title=\"Consulter notre politique de protection des donn\u00e9es\" rel=\"noopener\">politique de protection des donn\u00e9es<\/a>. <br \/>&#13;<br \/>\n            <a href=\"https:\/\/www.leprogres.fr\/faits-divers-justice\/2025\/10\/20\/javascript:Didomi.notice.show()\" class=\"consentModule_cmp\" target=\"_blank\" rel=\"noopener\">G\u00e9rer mes choix<\/a>&#13;\n        <\/p>\n<p>&#13;<br \/>\n                        J&rsquo;accepte&#13;<br \/>\n            J&rsquo;accepte tous les cookies&#13;\n        <\/p>\n<p>Le v\u00e9hicule impliqu\u00e9 n\u2019a pas encore \u00e9t\u00e9 retrouv\u00e9. Les enqu\u00eateurs exploitent actuellement les images de vid\u00e9oprotection de la zone pour tenter d\u2019identifier le conducteur en fuite.<\/p>\n","protected":false},"excerpt":{"rendered":"Une jeune fille circulant \u00e0 trottinette a \u00e9t\u00e9 percut\u00e9e par un utilitaire Renault Trafic ce lundi 20\u00a0octobre, vers&hellip;\n","protected":false},"author":2,"featured_media":477955,"comment_status":"","ping_status":"","sticky":false,"template":"","format":"standard","meta":{"footnotes":""},"categories":[1889],"tags":[119,1111,11,2430,2757,1777,674,274,107,1011,27,2428,7789,2801,12,25,2429],"class_list":{"0":"post-477954","1":"post","2":"type-post","3":"status-publish","4":"format-standard","5":"has-post-thumbnail","7":"category-lyon","8":"tag-accident","9":"tag-actu","10":"tag-actualites","11":"tag-auvergne-rhone-alpes","12":"tag-edition-lyon-villeurbanne","13":"tag-eu","14":"tag-europe","15":"tag-faits-divers-justice","16":"tag-fil-info","17":"tag-fr","18":"tag-france","19":"tag-lyon","20":"tag-lyon-1er","21":"tag-lyon-1er-arrondissement","22":"tag-news","23":"tag-republique-francaise","24":"tag-rhone"},"share_on_mastodon":{"url":"https:\/\/pubeurope.com\/@fr\/115408609237124688","error":""},"_links":{"self":[{"href":"https:\/\/www.europesays.com\/fr\/wp-json\/wp\/v2\/posts\/477954","targetHints":{"allow":["GET"]}}],"collection":[{"href":"https:\/\/www.europesays.com\/fr\/wp-json\/wp\/v2\/posts"}],"about":[{"href":"https:\/\/www.europesays.com\/fr\/wp-json\/wp\/v2\/types\/post"}],"author":[{"embeddable":true,"href":"https:\/\/www.europesays.com\/fr\/wp-json\/wp\/v2\/users\/2"}],"replies":[{"embeddable":true,"href":"https:\/\/www.europesays.com\/fr\/wp-json\/wp\/v2\/comments?post=477954"}],"version-history":[{"count":0,"href":"https:\/\/www.europesays.com\/fr\/wp-json\/wp\/v2\/posts\/477954\/revisions"}],"wp:featuredmedia":[{"embeddable":true,"href":"https:\/\/www.europesays.com\/fr\/wp-json\/wp\/v2\/media\/477955"}],"wp:attachment":[{"href":"https:\/\/www.europesays.com\/fr\/wp-json\/wp\/v2\/media?parent=477954"}],"wp:term":[{"taxonomy":"category","embeddable":true,"href":"https:\/\/www.europesays.com\/fr\/wp-json\/wp\/v2\/categories?post=477954"},{"taxonomy":"post_tag","embeddable":true,"href":"https:\/\/www.europesays.com\/fr\/wp-json\/wp\/v2\/tags?post=477954"}],"curies":[{"name":"wp","href":"https:\/\/api.w.org\/{rel}","templated":true}]}}