{"id":477958,"date":"2025-10-20T21:28:25","date_gmt":"2025-10-20T21:28:25","guid":{"rendered":"https:\/\/www.europesays.com\/fr\/477958\/"},"modified":"2025-10-20T21:28:25","modified_gmt":"2025-10-20T21:28:25","slug":"le-match-du-week-end-ligue-de-paris-ile-de-france-3","status":"publish","type":"post","link":"https:\/\/www.europesays.com\/fr\/477958\/","title":{"rendered":"LE MATCH DU WEEK-END \u2013 LIGUE DE PARIS ILE-DE-FRANCE"},"content":{"rendered":"<p>                    <img width=\"611\" height=\"378\" src=\"https:\/\/www.europesays.com\/fr\/wp-content\/uploads\/2025\/10\/DSC_0054-611x378.jpg\" class=\"vignette-large wp-post-image\" alt=\"\" decoding=\"async\" fetchpriority=\"high\"  \/>                    <\/p>\n<p>\n                        LE MATCH DU WEEK-END\n                    <\/p>\n<p>                    Champigny FC 94 (R3) \u2013 Paris Arc-En-Ciel FC (D1) 1-0<br \/>4\u00e8me tour de Coupe de France f\u00e9minine<\/p>\n<p style=\"text-align: justify;\"><strong>Le compte-rendu<\/strong><\/p>\n<p style=\"text-align: justify;\">Au Stade Charles-Solignat de Champigny-sur-Marne, l\u2019\u00e9quipe locale essaie de prendre le jeu \u00e0 son compte rapidement. En face, les Parisiennes restent solidaires et r\u00e9sistent, se cr\u00e9ant m\u00eame une situation int\u00e9ressante. Mais, dans la foul\u00e9e, c\u2019est Champigny qui trouve l\u2019ouverture. <strong>Cabral Lopes<\/strong> avance plein axe et l\u00e2che une frappe \u00e0 ras-de-terre qui finit au fond des filets <strong>(1-0, 38e)<\/strong>. Un pr\u00e9cieux avantage quelques minutes avant le retour aux vestiaires.<\/p>\n<p style=\"text-align: justify;\"><strong>Champigny tient sa qualification<\/strong><\/p>\n<p style=\"text-align: justify;\">Les Val-de-Marnaises veulent se mettre \u00e0 l\u2019abri apr\u00e8s la pause et multiplient les offensives. Le Paris Arc-En-Ciel FC ne c\u00e8de pas, mais ne parvient pas \u00e0 mettre en danger l\u2019arri\u00e8re-garde campinoise. Le but de sa n\u00b010 suffit donc au Champigny FC 94 pour continuer sa route dans cette Coupe de France f\u00e9minine. \u00a0<\/p>\n<p>&gt; <a href=\"https:\/\/epreuves.fff.fr\/competition\/match\/55016288-champigny-f-c-94-paris-arc-en-ciel-f-c.html\/match\" rel=\"nofollow noopener\" target=\"_blank\">La feuille de match<\/a><br \/>&gt; <a href=\"https:\/\/paris-idf.fff.fr\/competitions?id=435167&amp;poule=12&amp;phase=1&amp;type=cp&amp;tab=resultat\" rel=\"nofollow noopener\" target=\"_blank\">Les r\u00e9sultats du 4\u00e8me tour<\/a><\/p>\n<p><strong>Les r\u00e9actions<\/strong><\/p>\n<p><\/p>\n<p>Par<br \/>\n                     Florent<br \/>\n                     PIASECKI\n                <\/p>\n","protected":false},"excerpt":{"rendered":"LE MATCH DU WEEK-END Champigny FC 94 (R3) \u2013 Paris Arc-En-Ciel FC (D1) 1-04\u00e8me tour de Coupe de&hellip;\n","protected":false},"author":2,"featured_media":477959,"comment_status":"","ping_status":"","sticky":false,"template":"","format":"standard","meta":{"footnotes":""},"categories":[1592],"tags":[1111,11,1777,674,1011,27,662,12,626,25],"class_list":{"0":"post-477958","1":"post","2":"type-post","3":"status-publish","4":"format-standard","5":"has-post-thumbnail","7":"category-ile-de-france","8":"tag-actu","9":"tag-actualites","10":"tag-eu","11":"tag-europe","12":"tag-fr","13":"tag-france","14":"tag-ile-de-france","15":"tag-news","16":"tag-paris","17":"tag-republique-francaise"},"share_on_mastodon":{"url":"https:\/\/pubeurope.com\/@fr\/115408621274106626","error":""},"_links":{"self":[{"href":"https:\/\/www.europesays.com\/fr\/wp-json\/wp\/v2\/posts\/477958","targetHints":{"allow":["GET"]}}],"collection":[{"href":"https:\/\/www.europesays.com\/fr\/wp-json\/wp\/v2\/posts"}],"about":[{"href":"https:\/\/www.europesays.com\/fr\/wp-json\/wp\/v2\/types\/post"}],"author":[{"embeddable":true,"href":"https:\/\/www.europesays.com\/fr\/wp-json\/wp\/v2\/users\/2"}],"replies":[{"embeddable":true,"href":"https:\/\/www.europesays.com\/fr\/wp-json\/wp\/v2\/comments?post=477958"}],"version-history":[{"count":0,"href":"https:\/\/www.europesays.com\/fr\/wp-json\/wp\/v2\/posts\/477958\/revisions"}],"wp:featuredmedia":[{"embeddable":true,"href":"https:\/\/www.europesays.com\/fr\/wp-json\/wp\/v2\/media\/477959"}],"wp:attachment":[{"href":"https:\/\/www.europesays.com\/fr\/wp-json\/wp\/v2\/media?parent=477958"}],"wp:term":[{"taxonomy":"category","embeddable":true,"href":"https:\/\/www.europesays.com\/fr\/wp-json\/wp\/v2\/categories?post=477958"},{"taxonomy":"post_tag","embeddable":true,"href":"https:\/\/www.europesays.com\/fr\/wp-json\/wp\/v2\/tags?post=477958"}],"curies":[{"name":"wp","href":"https:\/\/api.w.org\/{rel}","templated":true}]}}