{"id":477960,"date":"2025-10-20T21:29:14","date_gmt":"2025-10-20T21:29:14","guid":{"rendered":"https:\/\/www.europesays.com\/fr\/477960\/"},"modified":"2025-10-20T21:29:14","modified_gmt":"2025-10-20T21:29:14","slug":"la-consommation-de-leau-du-robinet-interdite-pour-les-personnes-sensibles-dans-un-deuxieme-village-des-vosges-a-cause-dune-pollution-aux-pfas","status":"publish","type":"post","link":"https:\/\/www.europesays.com\/fr\/477960\/","title":{"rendered":"La consommation de l&rsquo;eau du robinet interdite pour les personnes sensibles dans un deuxi\u00e8me village des Vosges \u00e0 cause d&rsquo;une pollution aux PFAS"},"content":{"rendered":"\n<p class=\"c-chapo \">\n  Dix-sept communes sont \u00e9galement concern\u00e9es par la probl\u00e9matique des \u00ab\u00a0polluants \u00e9ternels\u00a0\u00bb dans les Ardennes et la Meuse.\n<\/p>\n<p>      lire plus tard<\/p>\n<p id=\"dialog__title\" class=\"dialog__title\">Pour sauvegarder cet article, connectez-vous ou cr\u00e9ez un compte franceinfo<\/p>\n<p class=\"dialog__description\">Sans paiement. Sans abonnement.<\/p>\n<p>        Fermer la fen\u00eatre d\u2019activation des notifications France Info<\/p>\n<p>      cr\u00e9er votre compte<\/p>\n<p>      se connecter<\/p>\n<p>        Fermer la fen\u00eatre de pr\u00e9sentation<\/p>\n<p>    <img loading=\"lazy\" decoding=\"async\" class=\"signature__image lazyload\" width=\"100\" height=\"100\" data- alt=\"\" src=\"https:\/\/www.europesays.com\/fr\/wp-content\/uploads\/2025\/05\/64a68815cd1a7_placeholder-36b69ec8.png\"\/><\/p>\n<p>    Publi\u00e9 le 20\/10\/2025 22:21<\/p>\n<p>        Temps de lecture : 2min<\/p>\n<p>    <img decoding=\"async\"  alt=\"L'eau du robinet est \u00e9galement pollu\u00e9e au PFAS dans dix-sept communes des Ardennes et la Meuse. (ISABELLE SOURIMENT \/ HANS LUCAS \/ AFP)\" width=\"432\" height=\"243\" src=\"https:\/\/www.europesays.com\/fr\/wp-content\/uploads\/2025\/10\/080-hl-isouriment-2834804-68f6995ed50dc053346089.jpg\" fetchpriority=\"high\"\/><\/p>\n<p>      L&rsquo;eau du robinet est \u00e9galement pollu\u00e9e au PFAS dans dix-sept communes des Ardennes et la Meuse. (ISABELLE SOURIMENT \/ HANS LUCAS \/ AFP)<\/p>\n<p>Des \u00ab\u00a0polluants \u00e9ternels\u00a0\u00bb de plus en plus pr\u00e9sents. L&rsquo;eau du robinet a \u00e9t\u00e9 d\u00e9clar\u00e9e, lundi 20 octobre, impropre \u00e0 la consommation pour les personnes sensibles dans le village de Tendon (Vosges), \u00e0 cause d&rsquo;<a href=\"https:\/\/www.franceinfo.fr\/environnement\/pollution\/qualite-de-l-eau\/pollution-eau-potable\/cartes-pesticides-dans-le-nord-pfas-dans-les-ardennes-nitrates-dans-le-bassin-parisien-visualisez-la-pollution-de-l-eau-potable-en-france_7539307.html\" rel=\"nofollow noopener\" target=\"_blank\">un taux anormalement \u00e9lev\u00e9 de PFAS<\/a>, a annonc\u00e9 la pr\u00e9fecture. Celle-ci avait d\u00e9j\u00e0 pris il y a six jours un arr\u00eat\u00e9 encore plus restrictif concernant <a href=\"https:\/\/www.franceinfo.fr\/environnement\/pollution\/qualite-de-l-eau\/pollution-eau-potable\/il-y-a-une-volonte-d-omerta-dans-un-village-des-vosges-la-prefecture-interdit-de-boire-l-eau-polluee-aux-pfas-apres-des-mois-de-silence_7542367.html\" rel=\"nofollow noopener\" target=\"_blank\">le village d&rsquo;Arrent\u00e8s-de-Corcieux<\/a>. \u00c0 Tendon, \u00ab\u00a0la concentration totale des 20 principaux PFAS s&rsquo;\u00e9l\u00e8ve en moyenne \u00e0 0,14 microgramme par litre\u00a0\u00bb, alors que la norme maximale autoris\u00e9e est de 0,1, a pr\u00e9cis\u00e9 la pr\u00e9fecture des Vosges dans un communiqu\u00e9.<\/p>\n<p>L&rsquo;interdiction vaut pour les personnes sensibles, c&rsquo;est-\u00e0-dire \u00ab\u00a0\u00e2g\u00e9es et tr\u00e8s fragilis\u00e9es\u00a0\u00bb, les enfants de moins de deux ans, les femmes enceintes ou allaitantes, et les personnes immunod\u00e9prim\u00e9es. Dix-sept communes sont concern\u00e9es par la m\u00eame probl\u00e9matique dans les Ardennes et la Meuse.<\/p>\n<p>Le 14 octobre, les services de l&rsquo;\u00c9tat avaient pris un arr\u00eat\u00e9 encore plus restrictif pour le village des Arrent\u00e8s-de-Corcieux, situ\u00e9 \u00e0 une vingtaine de kilom\u00e8tres, o\u00f9 les analyses de l&rsquo;eau \u00e9taient encore plus alarmantes, avec 0,73 microgramme de PFAS par litre d&rsquo;eau. L&rsquo;interdiction de boire l&rsquo;eau du robinet y est g\u00e9n\u00e9rale, et pas seulement pour les personnes sensibles.<\/p>\n<p>Utilis\u00e9s dans de nombreux objets pour leurs propri\u00e9t\u00e9s antiadh\u00e9sives, imperm\u00e9abilisantes ou leur r\u00e9sistance \u00e0 la chaleur, les PFAS, substances perfluoroalkyl\u00e9es et polyfluoroalkyl\u00e9es, dits \u00ab\u00a0polluants \u00e9ternels\u00a0\u00bb, peuvent avoir des effets d\u00e9l\u00e9t\u00e8res sur la sant\u00e9 (taux de cholest\u00e9rol, cancers, effets sur la fertilit\u00e9 et le d\u00e9veloppement des f\u0153tus).<\/p>\n","protected":false},"excerpt":{"rendered":"Dix-sept communes sont \u00e9galement concern\u00e9es par la probl\u00e9matique des \u00ab\u00a0polluants \u00e9ternels\u00a0\u00bb dans les Ardennes et la Meuse. lire&hellip;\n","protected":false},"author":2,"featured_media":477961,"comment_status":"","ping_status":"","sticky":false,"template":"","format":"standard","meta":{"footnotes":""},"categories":[1888],"tags":[1111,1928,11,1927,1777,674,1011,27,12,1926,626,1925,25],"class_list":{"0":"post-477960","1":"post","2":"type-post","3":"status-publish","4":"format-standard","5":"has-post-thumbnail","7":"category-paris","8":"tag-actu","9":"tag-actu-paris","10":"tag-actualites","11":"tag-actualites-paris","12":"tag-eu","13":"tag-europe","14":"tag-fr","15":"tag-france","16":"tag-news","17":"tag-news-paris","18":"tag-paris","19":"tag-paris-news","20":"tag-republique-francaise"},"share_on_mastodon":{"url":"https:\/\/pubeurope.com\/@fr\/115408625249295848","error":""},"_links":{"self":[{"href":"https:\/\/www.europesays.com\/fr\/wp-json\/wp\/v2\/posts\/477960","targetHints":{"allow":["GET"]}}],"collection":[{"href":"https:\/\/www.europesays.com\/fr\/wp-json\/wp\/v2\/posts"}],"about":[{"href":"https:\/\/www.europesays.com\/fr\/wp-json\/wp\/v2\/types\/post"}],"author":[{"embeddable":true,"href":"https:\/\/www.europesays.com\/fr\/wp-json\/wp\/v2\/users\/2"}],"replies":[{"embeddable":true,"href":"https:\/\/www.europesays.com\/fr\/wp-json\/wp\/v2\/comments?post=477960"}],"version-history":[{"count":0,"href":"https:\/\/www.europesays.com\/fr\/wp-json\/wp\/v2\/posts\/477960\/revisions"}],"wp:featuredmedia":[{"embeddable":true,"href":"https:\/\/www.europesays.com\/fr\/wp-json\/wp\/v2\/media\/477961"}],"wp:attachment":[{"href":"https:\/\/www.europesays.com\/fr\/wp-json\/wp\/v2\/media?parent=477960"}],"wp:term":[{"taxonomy":"category","embeddable":true,"href":"https:\/\/www.europesays.com\/fr\/wp-json\/wp\/v2\/categories?post=477960"},{"taxonomy":"post_tag","embeddable":true,"href":"https:\/\/www.europesays.com\/fr\/wp-json\/wp\/v2\/tags?post=477960"}],"curies":[{"name":"wp","href":"https:\/\/api.w.org\/{rel}","templated":true}]}}