{"id":477962,"date":"2025-10-20T21:30:16","date_gmt":"2025-10-20T21:30:16","guid":{"rendered":"https:\/\/www.europesays.com\/fr\/477962\/"},"modified":"2025-10-20T21:30:16","modified_gmt":"2025-10-20T21:30:16","slug":"laurent-gerra-a-tire-un-trait-sur-paris-ou-il-ne-possede-plus-rien-il-a-mise-sur-une-autre-ville-qui-selon-lui-devrait-etre-la-capitale","status":"publish","type":"post","link":"https:\/\/www.europesays.com\/fr\/477962\/","title":{"rendered":"Laurent Gerra a tir\u00e9 un trait sur Paris o\u00f9 il ne poss\u00e8de plus rien, il a mis\u00e9 sur une autre ville qui selon lui \u00ab\u00a0devrait \u00eatre la capitale\u00a0\u00bb"},"content":{"rendered":"<p>            <img loading=\"lazy\" decoding=\"async\" src=\"https:\/\/www.europesays.com\/fr\/wp-content\/uploads\/2025\/04\/121-62909a850c1a7-35x35-1.jpg\" class=\"author-article-picture\" width=\"35\" height=\"35\"\/><\/p>\n<p>                Par<br \/>\n                                    <a class=\"author-article-bio-link\" href=\"https:\/\/www.purepeople.com\/auteur\/bertrand-bielle_a121\" rel=\"nofollow noopener\" target=\"_blank\">Bertrand Bielle<\/a><br \/>\n                                                    | Journaliste<\/p>\n<p>\n                Curieux de nature, Bertrand est toujours \u00e0 l\u2019affut du moindre petit scoop. Passionn\u00e9 par le football, il n\u2019est jamais bien loin du ballon rond et de toutes les actualit\u00e9s qui en d\u00e9coulent. Toutefois, l\u2019\u00e9v\u00e8nementiel du showbiz ou de la politique fait \u00e9galement partie de ses recherches journalistiques privil\u00e9gi\u00e9es.\n            <\/p>\n<p>\n    Laurent Gerra, \u00e0 retrouver ce lundi soir sur France 2 dans le t\u00e9l\u00e9film \u00ab\u00a0Noir comme neige : L&rsquo;oeil du diable\u00a0\u00bb, a d\u00e9cid\u00e9 de s\u2019\u00e9loigner de Paris, et d&rsquo;opter pour une autre ville ch\u00e8re \u00e0 son coeur. Il y retourne uniquement pour ses rendez\u2011vous professionnels et conserve quelques amiti\u00e9s importantes, dont celle avec Eddy Mitchell.\n<\/p>\n<p>                            <img loading=\"lazy\" decoding=\"async\" class=\"player-thumbnail\" src=\"https:\/\/www.europesays.com\/fr\/wp-content\/uploads\/2025\/10\/344904f40c07914b-580x326-1.jpg\" width=\"580\" height=\"326\"\/><\/p>\n<p>                    Laurent Gerra a tir\u00e9 un trait sur Paris o\u00f9 il ne poss\u00e8de plus rien, il a mis\u00e9 sur une autre ville qui selon lui \u00ab\u00a0devrait \u00eatre la capitale\u00a0\u00bb<\/p>\n<p>La suite apr\u00e8s la publicit\u00e9<\/p>\n<p>France 2 diffuse, ce lundi 20 octobre 2025, \u00e0 21h10, L&rsquo;oeil du diable, un \u00e9pisode in\u00e9dit de la collection Noir comme neige avec Laurent Gerra et Cl\u00e9mentine Poidatz. L&rsquo;occasion alors de s&rsquo;int\u00e9resser au c\u00e9l\u00e8bre imitateur, notamment \u00e0 son choix de s&rsquo;\u00e9loigner de Paris pour privil\u00e9gier une vie davantage paisible dans une ville qu&rsquo;il conna\u00eet tr\u00e8s bien. A savoir Lyon. <a href=\"https:\/\/www.purepeople.com\/article\/lautre-vie-de-laurent-gerra-lhumoriste-est-proprietaire-de-plusieurs-etablissements-situes-dans-lune-des-meilleures-villes-du-monde-lun-dentre-eux-est-une-reference-dans-le-milieu_a543452\/1\" rel=\"nofollow noopener\" target=\"_blank\">Il y poss\u00e8de plusieurs restaurants<\/a>, et c&rsquo;est notamment l\u00e0 d&rsquo;o\u00f9 vient son ex Christelle Bardet, la m\u00e8re de sa petite C\u00e9lestine, 5 ans. Ils viennent de s&rsquo;y croiser tout r\u00e9cemment,<a href=\"https:\/\/www.purepeople.com\/article\/laurent-gerra-retrouve-son-ex-et-mere-de-sa-fille-celeste-dans-une-ville-si-chere-a-son-coeur_a543731\/1\" rel=\"nofollow noopener\" target=\"_blank\"> lors du festival Lumi\u00e8re.<\/a><\/p>\n<p>On les avait <a href=\"https:\/\/www.purepeople.com\/article\/christelle-bardet-toujours-tres-complice-avec-son-ex-laurent-gerra-cet-indice-qui-ne-passe-pas-inapercu_a536241\/1\" rel=\"nofollow noopener\" target=\"_blank\">d\u00e9j\u00e0 vus ensemble au moment<\/a> de la remise de la L\u00e9gion d\u2019honneur au com\u00e9dien en septembre dernier (<a href=\"https:\/\/www.purepeople.com\/article\/laurent-gerra-entoure-de-deux-ex-compagnes-et-de-sa-fille-celestine-lhumoriste-fier-davoir-recu-une-belle-recompense_a543236\/1\" rel=\"nofollow noopener\" target=\"_blank\">une autre ancienne compagne de l&rsquo;artiste \u00e9tait \u00e9galement l\u00e0<\/a>). \u00c0 57 ans, il avait \u00e9t\u00e9 remerci\u00e9 pour son parcours par la Premi\u00e8re dame, sous le regard de sa m\u00e8re et de sa fille (journaliste en r\u00e9gion Rh\u00f4ne-Alpes et fondatrice de la revue Le F\u00e9minin, son ex Christelle Bardet est \u00e9galement sa manageuse).<\/p>\n<p><strong>Natif de Bourg-en-Bresse, dans la r\u00e9gion Rh\u00f4ne-Alpes, Laurent Gerra estime que Lyon \u00ab\u00a0devrait \u00eatre la capitale\u00a0\u00bb<\/strong>. C&rsquo;est ce qu&rsquo;il indiquait dans une interview sur RTL, lui qui n&rsquo;a d\u00e9sormais pratiquement plus aucun lien avec Paris. Il ne s&rsquo;y rend qu&rsquo;uniquement pour ses rendez-vous professionnels : \u00ab\u00a0<strong>Je n&rsquo;ai m\u00eame plus d&rsquo;appartement \u00e0 Paris, je dors dans mes bureaux, il y a un petit studio<\/strong>.\u00a0\u00bb<\/p>\n<p>Laurent Gerra et son amiti\u00e9 avec Eddy Mitchell<\/p>\n<p>\u00ab\u00a0C&rsquo;est aussi la ville qui m&rsquo;a fait conna\u00eetre donc je ne peux pas me plaindre de Paris tout le temps\u00a0\u00bb, avait-il toutefois reconnu, en pr\u00e9cisant malgr\u00e9 tout qu&rsquo;il n&rsquo;y a presque plus d&rsquo;attaches : \u00ab\u00a0Je n&rsquo;y ai plus beaucoup d&rsquo;amis, \u00e0 part Eddy Mitchell.\u00a0\u00bb Une amiti\u00e9 n\u00e9e dans les ann\u00e9es 2000. Ils ont partag\u00e9 la sc\u00e8ne pour la premi\u00e8re fois en 2011 dans le spectacle Vieille Canailles, aux c\u00f4t\u00e9s de Johnny Hallyday, un projet qui a marqu\u00e9 le d\u00e9but de leur collaboration artistique. En 2021, ils ont pr\u00e9sent\u00e9 un nouveau show intitul\u00e9 \u00c0 cr\u00e9dit et en st\u00e9r\u00e9o, m\u00ealant musique et humour, diffus\u00e9 en direct sur Canal+.<\/p>\n<p>Leur amiti\u00e9 s\u2019est \u00e9galement exprim\u00e9e \u00e0 l\u2019\u00e9cran dans le t\u00e9l\u00e9film Un p\u00e8re id\u00e9al (2024).<\/p>\n<p>\u00a0<\/p>\n","protected":false},"excerpt":{"rendered":"Par Bertrand Bielle | Journaliste Curieux de nature, Bertrand est toujours \u00e0 l\u2019affut du moindre petit scoop. Passionn\u00e9&hellip;\n","protected":false},"author":2,"featured_media":477963,"comment_status":"","ping_status":"","sticky":false,"template":"","format":"standard","meta":{"footnotes":""},"categories":[1888],"tags":[1111,1928,11,1927,1777,674,1011,27,12,1926,626,1925,25],"class_list":{"0":"post-477962","1":"post","2":"type-post","3":"status-publish","4":"format-standard","5":"has-post-thumbnail","7":"category-paris","8":"tag-actu","9":"tag-actu-paris","10":"tag-actualites","11":"tag-actualites-paris","12":"tag-eu","13":"tag-europe","14":"tag-fr","15":"tag-france","16":"tag-news","17":"tag-news-paris","18":"tag-paris","19":"tag-paris-news","20":"tag-republique-francaise"},"share_on_mastodon":{"url":"https:\/\/pubeurope.com\/@fr\/115408629010287810","error":""},"_links":{"self":[{"href":"https:\/\/www.europesays.com\/fr\/wp-json\/wp\/v2\/posts\/477962","targetHints":{"allow":["GET"]}}],"collection":[{"href":"https:\/\/www.europesays.com\/fr\/wp-json\/wp\/v2\/posts"}],"about":[{"href":"https:\/\/www.europesays.com\/fr\/wp-json\/wp\/v2\/types\/post"}],"author":[{"embeddable":true,"href":"https:\/\/www.europesays.com\/fr\/wp-json\/wp\/v2\/users\/2"}],"replies":[{"embeddable":true,"href":"https:\/\/www.europesays.com\/fr\/wp-json\/wp\/v2\/comments?post=477962"}],"version-history":[{"count":0,"href":"https:\/\/www.europesays.com\/fr\/wp-json\/wp\/v2\/posts\/477962\/revisions"}],"wp:featuredmedia":[{"embeddable":true,"href":"https:\/\/www.europesays.com\/fr\/wp-json\/wp\/v2\/media\/477963"}],"wp:attachment":[{"href":"https:\/\/www.europesays.com\/fr\/wp-json\/wp\/v2\/media?parent=477962"}],"wp:term":[{"taxonomy":"category","embeddable":true,"href":"https:\/\/www.europesays.com\/fr\/wp-json\/wp\/v2\/categories?post=477962"},{"taxonomy":"post_tag","embeddable":true,"href":"https:\/\/www.europesays.com\/fr\/wp-json\/wp\/v2\/tags?post=477962"}],"curies":[{"name":"wp","href":"https:\/\/api.w.org\/{rel}","templated":true}]}}