{"id":477976,"date":"2025-10-20T21:37:13","date_gmt":"2025-10-20T21:37:13","guid":{"rendered":"https:\/\/www.europesays.com\/fr\/477976\/"},"modified":"2025-10-20T21:37:13","modified_gmt":"2025-10-20T21:37:13","slug":"general-dynamics-obtient-de-lallemagne-un-contrat-de-35-milliards-de-dollars-pour-des-vehicules-dexploration-20-10-2025-a-2247","status":"publish","type":"post","link":"https:\/\/www.europesays.com\/fr\/477976\/","title":{"rendered":"General Dynamics obtient de l&rsquo;Allemagne un contrat de 3,5 milliards de dollars pour des v\u00e9hicules d&rsquo;exploration &#8211; 20\/10\/2025 \u00e0 22:47"},"content":{"rendered":"<p>\n ((Traduction automatis\u00e9e par Reuters \u00e0 l&rsquo;aide de l&rsquo;apprentissage<br \/>\nautomatique et de l&rsquo;IA g\u00e9n\u00e9rative, veuillez vous r\u00e9f\u00e9rer \u00e0<br \/>\nl&rsquo;avertissement suivant: https:\/\/bit.ly\/rtrsauto))\n<\/p>\n<p>\n General Dynamics<br \/>\n <a href=\"https:\/\/www.boursorama.com\/cours\/GD\/\" rel=\"nofollow noopener\" target=\"_blank\"><br \/>\n  GD.N<br \/>\n <\/a><br \/>\n a d\u00e9clar\u00e9<br \/>\nlundi que son unit\u00e9 europ\u00e9enne avait obtenu un contrat d&rsquo;environ<br \/>\n3 milliards d&rsquo;euros (3,50 milliards de dollars) pour la<br \/>\nlivraison d&rsquo;un v\u00e9hicule de reconnaissance de nouvelle g\u00e9n\u00e9ration<br \/>\npour le corps de reconnaissance de l&rsquo;arm\u00e9e allemande.\n<\/p>\n<p>\n Le contrat a \u00e9t\u00e9 attribu\u00e9 \u00e0 General Dynamics European Land<br \/>\nSystems par l&rsquo;Office f\u00e9d\u00e9ral de l&rsquo;\u00e9quipement de la Bundeswehr,<br \/>\nde la technologie de l&rsquo;information et du soutien en service<br \/>\n(BAAINBw).\n<\/p>\n<p>\n L&rsquo;entreprise a d\u00e9clar\u00e9 que le syst\u00e8me de v\u00e9hicule<br \/>\nd&rsquo;\u00e9claireur est dot\u00e9 d&rsquo;une technologie de pointe en mati\u00e8re de<br \/>\ncapteurs de reconnaissance en r\u00e9seau, d&rsquo;une mobilit\u00e9 sup\u00e9rieure<br \/>\net d&rsquo;une grande capacit\u00e9 d&rsquo;affirmation.\n<\/p>\n<p>\n Cette nouvelle intervient apr\u00e8s que Reuters a rapport\u00e9<br \/>\n, citant des documents du minist\u00e8re des finances, que le<br \/>\ngouvernement allemand commanderait des v\u00e9hicules blind\u00e9s pour un<br \/>\nmontant de pr\u00e8s de 7 milliards d&rsquo;euros.\n<\/p>\n<p>\n Au d\u00e9but du mois, la soci\u00e9t\u00e9 a obtenu un contrat<br \/>\ninformatique de 1,25 milliard de dollars  pour soutenir<br \/>\nl&rsquo;arm\u00e9e am\u00e9ricaine en Europe et en Afrique. En septembre, elle a<br \/>\nobtenu un contrat de 1,5 milliard de dollars  de la part<br \/>\ndu commandement strat\u00e9gique am\u00e9ricain, ou STRATCOM.\n<\/p>\n<p>\n (1 dollar = 0,8575 euro)<\/p>\n","protected":false},"excerpt":{"rendered":"((Traduction automatis\u00e9e par Reuters \u00e0 l&rsquo;aide de l&rsquo;apprentissage automatique et de l&rsquo;IA g\u00e9n\u00e9rative, veuillez vous r\u00e9f\u00e9rer \u00e0 l&rsquo;avertissement&hellip;\n","protected":false},"author":2,"featured_media":7013,"comment_status":"","ping_status":"","sticky":false,"template":"","format":"standard","meta":{"footnotes":""},"categories":[1587],"tags":[400,11,672,398,408,1804,405,1805,1803,1777,674,1801,403,402,399,404,12,1802,401,406,407],"class_list":{"0":"post-477976","1":"post","2":"type-post","3":"status-publish","4":"format-standard","5":"has-post-thumbnail","7":"category-allemagne","8":"tag-action-cac-40","9":"tag-actualites","10":"tag-allemagne","11":"tag-bourse-de-paris","12":"tag-boursorama","13":"tag-bundesrepublik-deutschland","14":"tag-cotations","15":"tag-de","16":"tag-deutschland","17":"tag-eu","18":"tag-europe","19":"tag-germany","20":"tag-indices-devises","21":"tag-investir","22":"tag-investissement","23":"tag-marche-boursier","24":"tag-news","25":"tag-republique-federale-dallemagne","26":"tag-sicav","27":"tag-trackers","28":"tag-warrants"},"share_on_mastodon":{"url":"https:\/\/pubeurope.com\/@fr\/115408656504882684","error":""},"_links":{"self":[{"href":"https:\/\/www.europesays.com\/fr\/wp-json\/wp\/v2\/posts\/477976","targetHints":{"allow":["GET"]}}],"collection":[{"href":"https:\/\/www.europesays.com\/fr\/wp-json\/wp\/v2\/posts"}],"about":[{"href":"https:\/\/www.europesays.com\/fr\/wp-json\/wp\/v2\/types\/post"}],"author":[{"embeddable":true,"href":"https:\/\/www.europesays.com\/fr\/wp-json\/wp\/v2\/users\/2"}],"replies":[{"embeddable":true,"href":"https:\/\/www.europesays.com\/fr\/wp-json\/wp\/v2\/comments?post=477976"}],"version-history":[{"count":0,"href":"https:\/\/www.europesays.com\/fr\/wp-json\/wp\/v2\/posts\/477976\/revisions"}],"wp:featuredmedia":[{"embeddable":true,"href":"https:\/\/www.europesays.com\/fr\/wp-json\/wp\/v2\/media\/7013"}],"wp:attachment":[{"href":"https:\/\/www.europesays.com\/fr\/wp-json\/wp\/v2\/media?parent=477976"}],"wp:term":[{"taxonomy":"category","embeddable":true,"href":"https:\/\/www.europesays.com\/fr\/wp-json\/wp\/v2\/categories?post=477976"},{"taxonomy":"post_tag","embeddable":true,"href":"https:\/\/www.europesays.com\/fr\/wp-json\/wp\/v2\/tags?post=477976"}],"curies":[{"name":"wp","href":"https:\/\/api.w.org\/{rel}","templated":true}]}}