{"id":477985,"date":"2025-10-20T21:42:13","date_gmt":"2025-10-20T21:42:13","guid":{"rendered":"https:\/\/www.europesays.com\/fr\/477985\/"},"modified":"2025-10-20T21:42:13","modified_gmt":"2025-10-20T21:42:13","slug":"comment-expliquer-la-tornade-meurtriere-a-ermont-dans-le-val-doise","status":"publish","type":"post","link":"https:\/\/www.europesays.com\/fr\/477985\/","title":{"rendered":"comment expliquer la tornade meurtri\u00e8re \u00e0 Ermont dans le Val-d\u2019Oise ?"},"content":{"rendered":"<p>\n    Une personne a \u00e9t\u00e9 tu\u00e9e et quatre autres ont \u00e9t\u00e9 gri\u00e8vement bless\u00e9es lundi au cours d\u2019un \u00e9pisode de vents violents.<\/p>\n<p class=\"fig-paragraph\">Du jamais-vu depuis plus de 17 ans. Pour la premi\u00e8re fois depuis la tornade meurtri\u00e8re\u00a0<a href=\"http:\/\/www.lefigaro.fr\/actualite-france\/nord-le-maire-d-hautmont-poursuivi-par-l-ancien-responsable-d-une-mosquee-pour-avoir-refuse-de-le-marier-20240111\" target=\"_blank\" data-fig-type=\"NewsFlash\" rel=\"noopener nofollow\" data-gtm-custom-categorie=\"navigation\" data-gtm-custom-action=\"crossclick\" data-gtm-custom-label=\"Contextuel\" data-gtm-event=\"customEventSPE\" data-fig-domain=\"LEFIGARO\">d\u2019Hautmont\u00a0<\/a>(Nord) le 3 ao\u00fbt 2008, qui avait entra\u00een\u00e9 la mort de trois personnes, un ph\u00e9nom\u00e8ne similaire a caus\u00e9\u00a0<a href=\"http:\/\/www.lefigaro.fr\/meteo\/tornade-dans-le-val-d-oise-un-mort-et-quatre-blesses-tres-graves-a-ermont-20251020\" target=\"_blank\" data-fig-type=\"NewsFlash\" rel=\"noopener nofollow\" data-gtm-custom-categorie=\"navigation\" data-gtm-custom-action=\"crossclick\" data-gtm-custom-label=\"Contextuel\" data-gtm-event=\"customEventSPE\" data-fig-domain=\"LEFIGARO\">la mort d\u2019une personne \u00e0 Ermont dans le Val-d\u2019Oise<\/a>\u00a0ce lundi en fin d\u2019apr\u00e8s-midi. Quatre autres ont \u00e9t\u00e9 gri\u00e8vement bless\u00e9es au cours de cet \u00e9pisode de vents violents.<\/p>\n<p class=\"fig-paragraph\">La pr\u00e9sence de ce ph\u00e9nom\u00e8ne m\u00e9t\u00e9orologique est \u00abexceptionnelle\u00bb, selon\u00a0<a href=\"https:\/\/actualite.lachainemeteo.com\/actualite-meteo\/2025-10-20\/tornade-meurtriere-au-nord-de-paris-ce-soir-82331\" target=\"_blank\" rel=\"sponsored noopener nofollow\" data-gtm-custom-categorie=\"navigation\" data-gtm-custom-action=\"crossclick\" data-gtm-custom-label=\"Contextuel\" data-gtm-event=\"customEventSPE\">La Cha\u00eene M\u00e9t\u00e9o<\/a>*. Cette derni\u00e8re pr\u00e9cise que les r\u00e9gions \u00e0 risque sur le territoire fran\u00e7ais sont \u00abHauts-de-France, la Normandie, Poitou-Charentes, la Vend\u00e9e, le Languedoc et la Provence\u00bb, et non l\u2019\u00cele-de-France. Depuis le d\u00e9but du mois d\u2019octobre, la France connaissait \u00abune p\u00e9riode calme et anticyclonique\u00bb, mais cette situation a chang\u00e9 depuis ce week-end \u00absous l\u2019action d\u2019un vaste syst\u00e8me d\u00e9pressionnaire qui s\u2019installe entre l\u2019Atlantique et l\u2019ouest du continent europ\u00e9en\u00bb.<\/p>\n<p>                                    <a class=\"fig-a11y-skip a11y-hidden\" href=\"#fig-a11y-skip-main-inarticle\"><br \/>\n        Passer la publicit\u00e9<br \/>\n    <\/a><\/p>\n<p>\u00abTr\u00e8s forte activit\u00e9\u00bb<\/p>\n<p class=\"fig-paragraph\">Ce syst\u00e8me a directement touch\u00e9 la m\u00e9tropole avec le courant-jet qui passe au-dessus de notre pays, \u00abinduisant des ph\u00e9nom\u00e8nes ponctuellement violents\u00bb, ajoute la cha\u00eene m\u00e9t\u00e9orologique. La tornade au-dessus du sud du Val-d\u2019Oise est li\u00e9e \u00e0 une perturbation tr\u00e8s active qui a travers\u00e9 le sud-est de l\u2019Angleterre ce lundi matin et a provoqu\u00e9 \u00abde fortes averses orageuses qui ont essentiellement concern\u00e9 le nord\u00bb de la France dans l\u2019apr\u00e8s-midi.<\/p>\n<p class=\"fig-paragraph\">Selon l\u2019observatoire des orages\u00a0<a href=\"https:\/\/www.keraunos.org\/actualites\/fil-infos\/2025\/octobre\/tornade-ermont-val-d-oise-20-octobre-2025-eaubonne-franconville\" target=\"_blank\" rel=\"sponsored noopener nofollow\" data-gtm-custom-categorie=\"navigation\" data-gtm-custom-action=\"crossclick\" data-gtm-custom-label=\"Contextuel\" data-gtm-event=\"customEventSPE\">Keraunos<\/a>, la cellule orageuse qui a provoqu\u00e9 des d\u00e9g\u00e2ts cons\u00e9quents \u00e0 Ermont et aux alentours \u00abs\u2019est r\u00e9ellement renforc\u00e9e en passant au nord de Dreux vers 16h30\u00bb, avant d\u2019atteindre les Yvelines avec \u00abune tr\u00e8s forte activit\u00e9\u00bb puis d\u2019atteindre \u00able Val-d\u2019Oise o\u00f9 elle a d\u00e9velopp\u00e9 une tornade d\u2019intensit\u00e9 significative\u00bb vers 17h45. La puissance des vents a provoqu\u00e9 la chute de trois grues, des toitures ont \u00e9t\u00e9 arrach\u00e9es et des arbres sont tomb\u00e9s. Et elle est ainsi devenue la premi\u00e8re tornade meurtri\u00e8re depuis 17 ans en France.<\/p>\n<p class=\"fig-paragraph\">*La Cha\u00eene M\u00e9t\u00e9o appartient au groupe Figaro.<\/p>\n","protected":false},"excerpt":{"rendered":"Une personne a \u00e9t\u00e9 tu\u00e9e et quatre autres ont \u00e9t\u00e9 gri\u00e8vement bless\u00e9es lundi au cours d\u2019un \u00e9pisode de&hellip;\n","protected":false},"author":2,"featured_media":477986,"comment_status":"","ping_status":"","sticky":false,"template":"","format":"standard","meta":{"footnotes":""},"categories":[4],"tags":[11,1011,27,12,25,22094,2292],"class_list":{"0":"post-477985","1":"post","2":"type-post","3":"status-publish","4":"format-standard","5":"has-post-thumbnail","7":"category-france","8":"tag-actualites","9":"tag-fr","10":"tag-france","11":"tag-news","12":"tag-republique-francaise","13":"tag-tornade","14":"tag-val-doise"},"share_on_mastodon":{"url":"https:\/\/pubeurope.com\/@fr\/115408675958878621","error":""},"_links":{"self":[{"href":"https:\/\/www.europesays.com\/fr\/wp-json\/wp\/v2\/posts\/477985","targetHints":{"allow":["GET"]}}],"collection":[{"href":"https:\/\/www.europesays.com\/fr\/wp-json\/wp\/v2\/posts"}],"about":[{"href":"https:\/\/www.europesays.com\/fr\/wp-json\/wp\/v2\/types\/post"}],"author":[{"embeddable":true,"href":"https:\/\/www.europesays.com\/fr\/wp-json\/wp\/v2\/users\/2"}],"replies":[{"embeddable":true,"href":"https:\/\/www.europesays.com\/fr\/wp-json\/wp\/v2\/comments?post=477985"}],"version-history":[{"count":0,"href":"https:\/\/www.europesays.com\/fr\/wp-json\/wp\/v2\/posts\/477985\/revisions"}],"wp:featuredmedia":[{"embeddable":true,"href":"https:\/\/www.europesays.com\/fr\/wp-json\/wp\/v2\/media\/477986"}],"wp:attachment":[{"href":"https:\/\/www.europesays.com\/fr\/wp-json\/wp\/v2\/media?parent=477985"}],"wp:term":[{"taxonomy":"category","embeddable":true,"href":"https:\/\/www.europesays.com\/fr\/wp-json\/wp\/v2\/categories?post=477985"},{"taxonomy":"post_tag","embeddable":true,"href":"https:\/\/www.europesays.com\/fr\/wp-json\/wp\/v2\/tags?post=477985"}],"curies":[{"name":"wp","href":"https:\/\/api.w.org\/{rel}","templated":true}]}}