{"id":477987,"date":"2025-10-20T21:44:14","date_gmt":"2025-10-20T21:44:14","guid":{"rendered":"https:\/\/www.europesays.com\/fr\/477987\/"},"modified":"2025-10-20T21:44:14","modified_gmt":"2025-10-20T21:44:14","slug":"entre-2-200-et-2-500-spectateurs-attendus-les-centurions-de-narbonne-retrouvent-enfin-le-parquet-de-larena","status":"publish","type":"post","link":"https:\/\/www.europesays.com\/fr\/477987\/","title":{"rendered":"Entre\u00a02\u00a0200 et\u00a02\u00a0500 spectateurs attendus\u00a0: les Centurions de Narbonne retrouvent enfin le parquet de l\u2019Arena"},"content":{"rendered":"<p>\n                                                                Apr\u00e8s sept mois sans comp\u00e9tition officielle, les Centurions signent leur grand retour ce mardi 21\u00a0octobre face \u00e0 Toulouse, pour l\u2019ouverture de la Marmara Spikeligue. Animations, fan zone, karaok\u00e9 g\u00e9ant et nouveaut\u00e9s VIP\u2026 Le club narbonnais veut transformer cette reprise en v\u00e9ritable f\u00eate du volley.\n                            <\/p>\n<p>C\u2019est reparti, enfin\u00a0! Il faut en effet remonter au 22\u00a0mars 2025 pour trouver trace du dernier match officiel des Centurions de Narbonne. Sept mois de silence, ou presque. Ce mardi 21\u00a0octobre, l\u2019\u00e9quipe premi\u00e8re des Centurions fait son retour sur le parquet de l\u2019Arena et accueillera le voisin toulousain dans le cadre de la premi\u00e8re journ\u00e9e de la Marmara Spikeligue.<\/p>\n<p class=\"std-elt__inline\">\n        <strong>\u00c0 lire aussi :<\/strong><br \/>\n        <a href=\"https:\/\/www.lindependant.fr\/2025\/10\/16\/a-la-decouverte-des-nouveaux-centurions-narbonne-12990145.php\" rel=\"nofollow noopener\" target=\"_blank\">Volley-ball : \u00e0 la d\u00e9couverte des nouveaux Centurions Narbonne<\/a>\n    <\/p>\n<p>Le coup d\u2019envoi est pr\u00e9vu \u00e0 20\u00a0heures. Et il ne faudra pas \u00eatre en retard, car l\u2019\u00e9quipe dirigeante des Centurions a pr\u00e9vu tout un tas d\u2019animations et de nombreuses nouveaut\u00e9s\u00a0: \u00ab\u00a0Avant et apr\u00e8s le match, l\u2019espace buvette sera transform\u00e9 en une v\u00e9ritable fan zone avec des animations, un DJ, une boutique, un stand maquillage\u00a0\u00bb, d\u00e9voile le pr\u00e9sident, Bastien Anglade. Des animations qui d\u00e9buteront deux heures avant le d\u00e9but du match et qui se poursuivront deux heures apr\u00e8s le match.<\/p>\n<p>Entre 2\u00a0200 et 2\u00a0500 spectateurs<\/p>\n<p>Autre nouveaut\u00e9, un karaok\u00e9 g\u00e9ant prendra possession des tribunes de l\u2019Arena trente minutes avant le match, soit \u00e0 19\u00a0h\u00a030 ce mardi soir. Histoire de bien s\u2019\u00e9chauffer la voix et d\u2019\u00eatre pr\u00eat, au rendez-vous, pour le coup d\u2019envoi. En parlant de coup d\u2019envoi, c\u2019est Sofian Ribes, acteur d\u2019Un p\u2019tit truc en plus, qui s\u2019en chargera. Une s\u00e9ance de d\u00e9dicaces est d\u2019ailleurs pr\u00e9vue dans la fan zone de 19\u00a0h \u00e0 19\u00a0h\u00a020. Comme les ann\u00e9es pr\u00e9c\u00e9dentes, l\u2019animateur Yoan Crouzillat se chargera de faire chauffer la salle. Enfin, des loges VIP et fan exp\u00e9rience prendront place pour \u00eatre aux premi\u00e8res loges\u00a0: \u00ab\u00a0Deux places seront \u00e0 gagner par le public \u00e0 l\u2019occasion d\u2019un jeu qui d\u00e9butera \u00e0 19\u00a0h. Les deux vainqueurs passeront le match dans ma loge, service boissons inclus\u00a0\u00bb, confie Bastien Anglade, \u00ab\u00a0impatient\u00a0\u00bb d\u2019\u00eatre \u00e0 ce mardi\u00a0: \u00ab\u00a0L\u2019intersaison a \u00e9t\u00e9 tr\u00e8s longue. Travailler sans la dimension match, spectacle, ce n\u2019est pas simple\u00a0\u00bb, explique le pr\u00e9sident des Centurions depuis le printemps 2023.<\/p>\n<p class=\"std-elt__inline\">\n        <strong>\u00c0 lire aussi :<\/strong><br \/>\n        <a href=\"https:\/\/www.lindependant.fr\/2025\/10\/08\/la-nouvelle-saison-des-centurions-narbonne-a-larena-demarrera-avec-un-petit-truc-en-plus-12977336.php\" rel=\"nofollow noopener\" target=\"_blank\">La nouvelle saison des Centurions Narbonne \u00e0 l&rsquo;Arena d\u00e9marrera avec un petit truc en plus<\/a>\n    <\/p>\n<p>Un pr\u00e9sident quelque peu contrari\u00e9 malgr\u00e9 tout, \u00e0 cause de la blessure du pointu danois Michael Czerwi\u0144ski survenue il y a dix jours et d\u2019une \u00e9pid\u00e9mie de grippe qui s\u00e9vit actuellement dans l\u2019effectif. Quoi qu\u2019il en soit, il l\u2019assure, tout le monde sera pr\u00eat pour ce premier match d\u2019une saison qui s\u2019annonce excitante.<\/p>\n","protected":false},"excerpt":{"rendered":"Apr\u00e8s sept mois sans comp\u00e9tition officielle, les Centurions signent leur grand retour ce mardi 21\u00a0octobre face \u00e0 Toulouse,&hellip;\n","protected":false},"author":2,"featured_media":477988,"comment_status":"","ping_status":"","sticky":false,"template":"","format":"standard","meta":{"footnotes":""},"categories":[1417],"tags":[1011,27,60,1470,1469],"class_list":{"0":"post-477987","1":"post","2":"type-post","3":"status-publish","4":"format-standard","5":"has-post-thumbnail","7":"category-volley","8":"tag-fr","9":"tag-france","10":"tag-sports","11":"tag-volley","12":"tag-volleyball"},"share_on_mastodon":{"url":"https:\/\/pubeurope.com\/@fr\/115408683934969573","error":""},"_links":{"self":[{"href":"https:\/\/www.europesays.com\/fr\/wp-json\/wp\/v2\/posts\/477987","targetHints":{"allow":["GET"]}}],"collection":[{"href":"https:\/\/www.europesays.com\/fr\/wp-json\/wp\/v2\/posts"}],"about":[{"href":"https:\/\/www.europesays.com\/fr\/wp-json\/wp\/v2\/types\/post"}],"author":[{"embeddable":true,"href":"https:\/\/www.europesays.com\/fr\/wp-json\/wp\/v2\/users\/2"}],"replies":[{"embeddable":true,"href":"https:\/\/www.europesays.com\/fr\/wp-json\/wp\/v2\/comments?post=477987"}],"version-history":[{"count":0,"href":"https:\/\/www.europesays.com\/fr\/wp-json\/wp\/v2\/posts\/477987\/revisions"}],"wp:featuredmedia":[{"embeddable":true,"href":"https:\/\/www.europesays.com\/fr\/wp-json\/wp\/v2\/media\/477988"}],"wp:attachment":[{"href":"https:\/\/www.europesays.com\/fr\/wp-json\/wp\/v2\/media?parent=477987"}],"wp:term":[{"taxonomy":"category","embeddable":true,"href":"https:\/\/www.europesays.com\/fr\/wp-json\/wp\/v2\/categories?post=477987"},{"taxonomy":"post_tag","embeddable":true,"href":"https:\/\/www.europesays.com\/fr\/wp-json\/wp\/v2\/tags?post=477987"}],"curies":[{"name":"wp","href":"https:\/\/api.w.org\/{rel}","templated":true}]}}