{"id":477994,"date":"2025-10-20T21:49:10","date_gmt":"2025-10-20T21:49:10","guid":{"rendered":"https:\/\/www.europesays.com\/fr\/477994\/"},"modified":"2025-10-20T21:49:10","modified_gmt":"2025-10-20T21:49:10","slug":"ocon-a-un-point-faible-selon-son-patron-chez-haas","status":"publish","type":"post","link":"https:\/\/www.europesays.com\/fr\/477994\/","title":{"rendered":"Ocon a un point faible, selon son patron chez Haas"},"content":{"rendered":"<p itemprop=\"description\">Ayao Komatsu l\u00e8ve le voile sur ce qui<br \/>\nemp\u00eache Esteban Ocon d\u00a0\u00bbatteindre son pic de performance\u2026 et lance<br \/>\nun avertissement \u00e0 Oliver Bearman de ne pas tomber dans le travers<br \/>\ninverse.<\/p>\n<p>Aux commandes de l&rsquo;\u00e9curie <a href=\"https:\/\/f1i.autojournal.fr\/dossiers\/ecuries-de-f1\/haas-f1-team-357167.html\" target=\"_blank\" rel=\"noopener\"><br \/>\nHaas<\/a> F1, <a href=\"https:\/\/f1i.autojournal.fr\/magazine\/magazine-features\/portrait\/komatsu-nouveau-patron-haas-f1\/\" target=\"_blank\" rel=\"noopener\"><br \/>\nle sympatique Ayao Komatsu<\/a> se retrouve face \u00e0 un fascinant<br \/>\ndilemme de management.<\/p>\n<p>Son objectif n&rsquo;est pas seulement de maximiser les performances<br \/>\nde la modeste monoplace am\u00e9ricaine, mais surtout de d\u00e9crypter et de<br \/>\nsatisfaire les besoins psychologiques et techniques radicalement<br \/>\ndiff\u00e9rents de ses deux pilotes, <a href=\"https:\/\/f1i.autojournal.fr\/dossiers\/pilotes-de-f1\/esteban-ocon-f1-357096.html\" target=\"_blank\" rel=\"noopener\"><br \/>\nEsteban Ocon<\/a> et <a href=\"https:\/\/f1i.autojournal.fr\/dossiers\/pilotes-de-f1\/oliver-bearman-haas-f1-624403.html\" target=\"_blank\" rel=\"noopener\"><br \/>\nOliver Bearman<\/a>.<\/p>\n<p>Le sympathique team principal japonais a bien compris qu&rsquo;une<br \/>\napproche monolithique serait vou\u00e9e \u00e0 l&rsquo;\u00e9chec. Il doit en effet<br \/>\nactionner des leviers distincts pour tirer le meilleur de<br \/>\nchacun.<\/p>\n<p><strong>Ocon en qu\u00eate de confiance absolue<\/strong><\/p>\n<p>Concernant Esteban Ocon, le fardeau repose lourdement sur les<br \/>\n\u00e9paules de l&rsquo;\u00e9quipe technique. Le Fran\u00e7ais est un pilote \u00e9minemment<br \/>\nsensible.<\/p>\n<p>Komatsu est cat\u00e9gorique : \u201cJe ne dis pas qu&rsquo;il est lent,<br \/>\nmais quand il n&rsquo;est pas \u00e0 100 % \u00e0 l&rsquo;aise avec la voiture, il ne<br \/>\npeut pas aller chercher la limite.\u201d Ocon exige une alchimie<br \/>\nparfaite avec sa machine pour pouvoir s&rsquo;exprimer pleinement.<br \/>\nL&rsquo;\u00e9quipe se doit de le placer dans un environnement o\u00f9 il est<br \/>\ntotalement confiant dans son outil de travail.<\/p>\n<p>Le cas de Bakou est d&rsquo;ailleurs particuli\u00e8rement \u00e9loquent. Lors<br \/>\ndes essais libres 3 (FP3), puis en qualifications, Ocon n&rsquo;\u00e9tait<br \/>\n\u201cpas content de la performance du freinage\u201d. Les donn\u00e9es<br \/>\nt\u00e9l\u00e9m\u00e9triques ne mentaient pas : il freinait pr\u00e9matur\u00e9ment dans<br \/>\ncertains virages, se laissant une marge colossale et compromettant<br \/>\nirr\u00e9m\u00e9diablement sa performance chronom\u00e9trique.<\/p>\n<p>\u201cIl prenait une \u00e9norme marge dans certaines zones de<br \/>\nfreinage, et c&rsquo;\u00e9tait la fin du jeu. Esteban est bien plus sensible,<br \/>\nmais sa vitesse est l\u00e0. Nous devons lui donner une voiture bien<br \/>\nd\u00e9finie pour lui insuffler la confiance n\u00e9cessaire.\u201d<\/p>\n<p>L&rsquo;\u00e9quation est simple : pour qu&rsquo;Ocon soit rapide, l&rsquo;\u00e9quipe doit<br \/>\nle rassurer sur le mat\u00e9riel, son feeling primant sur sa capacit\u00e9 \u00e0<br \/>\n\u201cfaire avec\u201d.<\/p>\n<p><strong>Dompter le talent brut de Bearman<\/strong><\/p>\n<p>\u00c0 l&rsquo;autre extr\u00e9mit\u00e9 du spectre, se trouve le jeune Oliver<br \/>\nBearman. S&rsquo;il est capable de \u201cconduire n&rsquo;importe quoi\u201d,<br \/>\nson probl\u00e8me est inverse : il doit apprendre \u00e0 mod\u00e9rer l&rsquo;incroyable<br \/>\ntalent naturel qui le rend si rapide, pour \u00e9viter les co\u00fbteux<br \/>\nincidents.<\/p>\n<p>La performance de Bearman au Br\u00e9sil l&rsquo;ann\u00e9e derni\u00e8re est souvent<br \/>\ncit\u00e9e comme l&rsquo;illustration de son potentiel : cinq heures de<br \/>\npr\u00e9avis, un saut dans la voiture sans information en EL1, et il<br \/>\nbattait un pilote exp\u00e9riment\u00e9 comme <a href=\"https:\/\/f1i.autojournal.fr\/dossiers\/pilotes-de-f1\/nico-hulkenberg-357015.html\" target=\"_blank\" rel=\"noopener\"><br \/>\nNico H\u00fclkenberg<\/a> de trois dixi\u00e8mes, \u00e0 la fois en EL1 et en<br \/>\nqualifications Sprint. \u201cC&rsquo;est incroyable, n&rsquo;est-ce pas ?\u201d<br \/>\nsourit Komatsu.<\/p>\n<p>Paradoxalement, cette m\u00eame fougue, cette capacit\u00e9 \u00e0 \u00eatre<br \/>\n\u201cincroyablement rapide\u201d, est la cause de ses<br \/>\naccrochages.<\/p>\n<p>\u201cIl n&rsquo;est pas oblig\u00e9 d&rsquo;\u00eatre aussi rapide, si vous voulez. Il<br \/>\ndoit faire un pas en arri\u00e8re \u2013 un tout petit pas \u2013 et c&rsquo;est dans<br \/>\nl&rsquo;\u00e9valuation de ce petit pas qu&rsquo;il n&rsquo;y arrive pas encore.\u201d<\/p>\n<p>Bien que Komatsu constate des progr\u00e8s \u2013 moins d&rsquo;erreurs, une<br \/>\napproche plus structur\u00e9e des essais \u2013 l&rsquo;objectif est d\u00e9sormais<br \/>\nl&rsquo;irr\u00e9prochabilit\u00e9. Au-del\u00e0 des points pour Haas, l&rsquo;enjeu est<br \/>\ncapital pour la carri\u00e8re de Bearman.<\/p>\n<p>\u201cJ&rsquo;ai \u00e9t\u00e9 clair avec lui avant la tr\u00eave estivale. Cette<br \/>\nderni\u00e8re partie de saison, tu dois simplement \u00eatre constant. Sinon,<br \/>\nles gens ne retiendront de toi qu&rsquo;un pilote dot\u00e9 d&rsquo;une vitesse<br \/>\nahurissante, mais qui sort trop souvent de la piste.\u201d Une mise<br \/>\nen garde brutale, mais n\u00e9cessaire pour le prodige.<\/p>\n","protected":false},"excerpt":{"rendered":"Ayao Komatsu l\u00e8ve le voile sur ce qui emp\u00eache Esteban Ocon d\u00a0\u00bbatteindre son pic de performance\u2026 et lance&hellip;\n","protected":false},"author":2,"featured_media":477995,"comment_status":"","ping_status":"","sticky":false,"template":"","format":"standard","meta":{"footnotes":""},"categories":[1412],"tags":[2249,1451,1452,1453,1454,1455,1011,27,60155,4443,21763,60],"class_list":{"0":"post-477994","1":"post","2":"type-post","3":"status-publish","4":"format-standard","5":"has-post-thumbnail","7":"category-f1","8":"tag-esteban-ocon","9":"tag-f1","10":"tag-formula-1","11":"tag-formula1","12":"tag-formule-1","13":"tag-formule1","14":"tag-fr","15":"tag-france","16":"tag-grnad-prix-des-etats-unis","17":"tag-haas","18":"tag-saison-2025-de-formule-1","19":"tag-sports"},"share_on_mastodon":{"url":"https:\/\/pubeurope.com\/@fr\/115408703565836298","error":""},"_links":{"self":[{"href":"https:\/\/www.europesays.com\/fr\/wp-json\/wp\/v2\/posts\/477994","targetHints":{"allow":["GET"]}}],"collection":[{"href":"https:\/\/www.europesays.com\/fr\/wp-json\/wp\/v2\/posts"}],"about":[{"href":"https:\/\/www.europesays.com\/fr\/wp-json\/wp\/v2\/types\/post"}],"author":[{"embeddable":true,"href":"https:\/\/www.europesays.com\/fr\/wp-json\/wp\/v2\/users\/2"}],"replies":[{"embeddable":true,"href":"https:\/\/www.europesays.com\/fr\/wp-json\/wp\/v2\/comments?post=477994"}],"version-history":[{"count":0,"href":"https:\/\/www.europesays.com\/fr\/wp-json\/wp\/v2\/posts\/477994\/revisions"}],"wp:featuredmedia":[{"embeddable":true,"href":"https:\/\/www.europesays.com\/fr\/wp-json\/wp\/v2\/media\/477995"}],"wp:attachment":[{"href":"https:\/\/www.europesays.com\/fr\/wp-json\/wp\/v2\/media?parent=477994"}],"wp:term":[{"taxonomy":"category","embeddable":true,"href":"https:\/\/www.europesays.com\/fr\/wp-json\/wp\/v2\/categories?post=477994"},{"taxonomy":"post_tag","embeddable":true,"href":"https:\/\/www.europesays.com\/fr\/wp-json\/wp\/v2\/tags?post=477994"}],"curies":[{"name":"wp","href":"https:\/\/api.w.org\/{rel}","templated":true}]}}