{"id":477999,"date":"2025-10-20T21:52:10","date_gmt":"2025-10-20T21:52:10","guid":{"rendered":"https:\/\/www.europesays.com\/fr\/477999\/"},"modified":"2025-10-20T21:52:10","modified_gmt":"2025-10-20T21:52:10","slug":"marguerite-star-academy-et-judith-godreche-officialisent-un-vrai-declic","status":"publish","type":"post","link":"https:\/\/www.europesays.com\/fr\/477999\/","title":{"rendered":"Marguerite (Star Academy) et Judith Godr\u00e8che officialisent : \u00ab\u00a0un vrai d\u00e9clic\u00a0\u00bb"},"content":{"rendered":"<p>De la musique \u00e0 la com\u00e9die, il n\u2019y a qu\u2019un pas. En effet, pendant quelques mois, <a href=\"https:\/\/www.public.fr\/tag\/marguerite\" target=\"_blank\" rel=\"noopener\">Marguerite<\/a> va d\u00e9laisser la musique pour <strong>se consacrer \u00e0 la com\u00e9die <\/strong>et travailler sous la houlette de <a href=\"https:\/\/www.public.fr\/tag\/judith-godreche\" target=\"_blank\" rel=\"noopener\">Judith Godr\u00e8che<\/a>. Ce lundi 20 octobre 2025, France T\u00e9l\u00e9visions et France 2 ont annonc\u00e9 le d\u00e9but du tournage de l\u2019adaptation du livre d\u2019Annie Ernaux, <strong>M\u00e9moires de fille<\/strong>, r\u00e9alis\u00e9e par l\u2019ancienne compagne de <a href=\"https:\/\/www.public.fr\/tag\/dany-boon\" target=\"_blank\" rel=\"noopener\">Dany Boon<\/a>.<\/p>\n<p>Un projet dans lequel nous allons \u00e9galement pouvoir retrouver l\u2019ancienne candidate de la <strong>Star Academy<\/strong>. Cette derni\u00e8re ayant en effet d\u00e9croch\u00e9 un r\u00f4le dans le film comme le soulignent nos confr\u00e8res de <a href=\"https:\/\/www.20minutes.fr\/arts-stars\/cinema\/4180462-20251020-marguerite-va-jouer-adaptation-memoires-fille-annie-ernaux-realise-judith-godreche\" target=\"_blank\" rel=\"noopener\">20 Minutes.<\/a><\/p>\n<p>Marguerite va jouer dans le prochain film de Judith Godr\u00e8che<\/p>\n<p>Il s\u2019agit, comme \u00e9voqu\u00e9, de <strong>l\u2019adaptation du livre d\u2019Annie Ernaux<\/strong> publi\u00e9 en 2016, dans lequel elle y raconte comment elle replonge dans l\u2019\u00e9t\u00e9 de ses 17 ans lors d\u2019une s\u00e9ance de d\u00e9dicaces \u00e0 70 ans dans sa Normandie natale.\u00a0<\/p>\n<p>Dans un communiqu\u00e9 publi\u00e9 ce lundi, France T\u00e9l\u00e9visions et France 2 indiquent que le tournage vient de d\u00e9marrer et qu\u2019il se poursuivrait jusqu\u2019au 28 novembre prochain en \u00cele-de-France et en Normandie. En plus de Marguerite de la <strong>Star Academy<\/strong>,\u00a0Tess Barth\u00e9l\u00e9my, Val\u00e9rie Dreville,\u00a0Ariane Labed, ou encore Anna Mouglalis, font partie du projet.<\/p>\n<p>Nos confr\u00e8res de 20 Minutes indiquent que le choix de Marguerite n\u2019est peut-\u00eatre pas un hasard\u00a0 pour Judith Godr\u00e8che. En effet, au cours d\u2019un entretien avec le m\u00e9dia, <a href=\"https:\/\/www.public.fr\/a-quel-point-jetais-laide-marguerite-star-academy-victime-dune-violence-inouie-apres-la-sortie-de-son-premier-clip\" target=\"_blank\" rel=\"noopener\">l\u2019interpr\u00e8te de <strong>Les filles, les meufs<\/strong><\/a>, avait fait part de son admiration pour l\u2019autrice Annie Ernaux.\u00a0<\/p>\n<p>L&rsquo;ancienne candidate de la \u00ab\u00a0Star Academy\u00a0\u00bb actrice pour l&rsquo;adaptation d&rsquo;un livre d&rsquo;une \u00e9crivaine qu&rsquo;elle adore<\/p>\n<p>Ce serait d\u2019ailleurs son p\u00e8re qui lui aurait fait prendre go\u00fbt \u00e0 la lecture gr\u00e2ce \u00e0 cette \u00e9crivaine. Son premier livre d\u2019Annie Ernaux ? <strong>Les Ann\u00e9es<\/strong>. \u00ab\u00a0Il y a, dans ce livre, cette question des g\u00e9n\u00e9rations, qui est fascinante pour moi\u00a0\u00bb, indiquait-elle avant de confier : \u00ab\u00a0En lisant Annie Ernaux, j\u2019ai \u00e9t\u00e9 confront\u00e9e \u00e0 l\u2019\u00e9criture d\u2019une femme qui parle de sujets qui ne concernent que les femmes ou, en tout cas, le corps f\u00e9minin. Et \u00e7a a \u00e9t\u00e9 un bouleversement parce que je n\u2019avais jamais lu jusque-l\u00e0 un livre en sentant dans mon corps exactement ce que le personnage ressentait, en sachant que c\u2019\u00e9tait un v\u00e9cu que je pouvais partager avec l\u2019autrice. Et <strong>\u00e7a a \u00e9t\u00e9 un vrai d\u00e9clic.<\/strong>\u00ab\u00a0<\/p>\n<p>Marguerite indiquait \u00e9galement, toujours dans les colonnes de 20 Minutes, que son plus \u00ab\u00a0grand choc\u00a0\u00bb reste un autre ouvrage d\u2019Annie Ernaux : <strong>L\u2019\u00c9v\u00e9nement<\/strong>. \u00ab\u00a0Entrer de mani\u00e8re aussi crue et r\u00e9aliste dans ce sujet-l\u00e0, est un geste fort qui m\u2019a marqu\u00e9e. Je me souviens exactement o\u00f9 j\u2019\u00e9tais quand je l\u2019ai lu et comment je me sentais. Je tremblais, il fallait que je l\u00e2che le livre parfois. <strong>C\u2019\u00e9tait vraiment tr\u00e8s fort<\/strong>\u00ab\u00a0, confiait celle qui aura un r\u00f4le dans le prochain film de Judith Godr\u00e8che pour l\u2019adaptation d\u2019un livre d\u2019une de ses \u00e9crivaines pr\u00e9f\u00e9r\u00e9es.\u00a0<\/p>\n<p>      Mentionn\u00e9s dans cet article<\/p>\n<p>      Sur le m\u00eame sujet<\/p>\n","protected":false},"excerpt":{"rendered":"De la musique \u00e0 la com\u00e9die, il n\u2019y a qu\u2019un pas. En effet, pendant quelques mois, Marguerite va&hellip;\n","protected":false},"author":2,"featured_media":478000,"comment_status":"","ping_status":"","sticky":false,"template":"","format":"standard","meta":{"footnotes":""},"categories":[1359],"tags":[58,59,1011,27,2400,594,4358,54829,973,5095],"class_list":{"0":"post-477999","1":"post","2":"type-post","3":"status-publish","4":"format-standard","5":"has-post-thumbnail","7":"category-people","8":"tag-divertissement","9":"tag-entertainment","10":"tag-fr","11":"tag-france","12":"tag-france-televisions","13":"tag-france-2","14":"tag-judith-godreche","15":"tag-marguerite-dedeyan","16":"tag-people","17":"tag-star-academy"},"share_on_mastodon":{"url":"https:\/\/pubeurope.com\/@fr\/115408715322604327","error":""},"_links":{"self":[{"href":"https:\/\/www.europesays.com\/fr\/wp-json\/wp\/v2\/posts\/477999","targetHints":{"allow":["GET"]}}],"collection":[{"href":"https:\/\/www.europesays.com\/fr\/wp-json\/wp\/v2\/posts"}],"about":[{"href":"https:\/\/www.europesays.com\/fr\/wp-json\/wp\/v2\/types\/post"}],"author":[{"embeddable":true,"href":"https:\/\/www.europesays.com\/fr\/wp-json\/wp\/v2\/users\/2"}],"replies":[{"embeddable":true,"href":"https:\/\/www.europesays.com\/fr\/wp-json\/wp\/v2\/comments?post=477999"}],"version-history":[{"count":0,"href":"https:\/\/www.europesays.com\/fr\/wp-json\/wp\/v2\/posts\/477999\/revisions"}],"wp:featuredmedia":[{"embeddable":true,"href":"https:\/\/www.europesays.com\/fr\/wp-json\/wp\/v2\/media\/478000"}],"wp:attachment":[{"href":"https:\/\/www.europesays.com\/fr\/wp-json\/wp\/v2\/media?parent=477999"}],"wp:term":[{"taxonomy":"category","embeddable":true,"href":"https:\/\/www.europesays.com\/fr\/wp-json\/wp\/v2\/categories?post=477999"},{"taxonomy":"post_tag","embeddable":true,"href":"https:\/\/www.europesays.com\/fr\/wp-json\/wp\/v2\/tags?post=477999"}],"curies":[{"name":"wp","href":"https:\/\/api.w.org\/{rel}","templated":true}]}}