{"id":478003,"date":"2025-10-20T21:55:11","date_gmt":"2025-10-20T21:55:11","guid":{"rendered":"https:\/\/www.europesays.com\/fr\/478003\/"},"modified":"2025-10-20T21:55:11","modified_gmt":"2025-10-20T21:55:11","slug":"rencontre-au-somail-avec-aymeric-janier-pour-son-3e-roman","status":"publish","type":"post","link":"https:\/\/www.europesays.com\/fr\/478003\/","title":{"rendered":"Rencontre au Somail avec Aymeric Janier pour son 3e roman"},"content":{"rendered":"<p>La librairie Le Trouve tout du livre recevait pour une s\u00e9ance d\u00e9dicace, l\u2019auteur Aymeric Janier \u00e0 l\u2019occasion de la parution de son 3e roman Brisures de guerre. Apr\u00e8s ses deux pr\u00e9c\u00e9dents romans Funeste Albion et L\u2019\u00e9toile d\u2019Orion, c\u2019est un tout autre registre auquel s\u2019attaque Aymeric, \u00e9diteur web au journal Le Monde, puisqu\u2019il s\u2019agit de la guerre des USA contre le Japon en 1941. Un sujet historique et \u00f4 combien sensible mais quelque peu m\u00e9connu chez nous. Los Angeles 1989, Walter 10 ans re\u00e7oit les confidences de son grand-p\u00e8re sur son implication dans cette guerre, en tant que jeune pilote d\u2019avion. Un d\u00e9but d\u2019histoire inspir\u00e9 par son propre grand-p\u00e8re maternel, ancien r\u00e9sistant, aupr\u00e8s de qui Aymeric s\u2019abreuvait de souvenirs parfois enfouis et refoul\u00e9s. Se rajoute une histoire d\u2019amour rendue compliqu\u00e9e par les origines nippones d\u2019Akemi. On y retrouve \u00e9galement, les grands hommes qui ont fa\u00e7onn\u00e9 l\u2019histoire de cette \u00e9poque ainsi que les terribles \u00e9v\u00e9nements de Pearl Harbor, Hiroshima, Nagasaki. Tr\u00e8s belle rencontre enrichissante avec l\u2019auteur de ce roman passionnant et captivant, qui ne laisse pas indiff\u00e9rent.<\/p>\n","protected":false},"excerpt":{"rendered":"La librairie Le Trouve tout du livre recevait pour une s\u00e9ance d\u00e9dicace, l\u2019auteur Aymeric Janier \u00e0 l\u2019occasion de&hellip;\n","protected":false},"author":2,"featured_media":478004,"comment_status":"","ping_status":"","sticky":false,"template":"","format":"standard","meta":{"footnotes":""},"categories":[1357],"tags":[1379,58,59,1011,27,1380],"class_list":{"0":"post-478003","1":"post","2":"type-post","3":"status-publish","4":"format-standard","5":"has-post-thumbnail","7":"category-livres","8":"tag-books","9":"tag-divertissement","10":"tag-entertainment","11":"tag-fr","12":"tag-france","13":"tag-livres"},"share_on_mastodon":{"url":"https:\/\/pubeurope.com\/@fr\/115408727159899880","error":""},"_links":{"self":[{"href":"https:\/\/www.europesays.com\/fr\/wp-json\/wp\/v2\/posts\/478003","targetHints":{"allow":["GET"]}}],"collection":[{"href":"https:\/\/www.europesays.com\/fr\/wp-json\/wp\/v2\/posts"}],"about":[{"href":"https:\/\/www.europesays.com\/fr\/wp-json\/wp\/v2\/types\/post"}],"author":[{"embeddable":true,"href":"https:\/\/www.europesays.com\/fr\/wp-json\/wp\/v2\/users\/2"}],"replies":[{"embeddable":true,"href":"https:\/\/www.europesays.com\/fr\/wp-json\/wp\/v2\/comments?post=478003"}],"version-history":[{"count":0,"href":"https:\/\/www.europesays.com\/fr\/wp-json\/wp\/v2\/posts\/478003\/revisions"}],"wp:featuredmedia":[{"embeddable":true,"href":"https:\/\/www.europesays.com\/fr\/wp-json\/wp\/v2\/media\/478004"}],"wp:attachment":[{"href":"https:\/\/www.europesays.com\/fr\/wp-json\/wp\/v2\/media?parent=478003"}],"wp:term":[{"taxonomy":"category","embeddable":true,"href":"https:\/\/www.europesays.com\/fr\/wp-json\/wp\/v2\/categories?post=478003"},{"taxonomy":"post_tag","embeddable":true,"href":"https:\/\/www.europesays.com\/fr\/wp-json\/wp\/v2\/tags?post=478003"}],"curies":[{"name":"wp","href":"https:\/\/api.w.org\/{rel}","templated":true}]}}