{"id":478015,"date":"2025-10-20T22:02:14","date_gmt":"2025-10-20T22:02:14","guid":{"rendered":"https:\/\/www.europesays.com\/fr\/478015\/"},"modified":"2025-10-20T22:02:14","modified_gmt":"2025-10-20T22:02:14","slug":"apres-les-boulettes-de-lea-salame-au-jt-de-france-2-son-pere-ghassan-salame-revele-la-drole-de-requete-de-la-journaliste-elle-voulait-savoir","status":"publish","type":"post","link":"https:\/\/www.europesays.com\/fr\/478015\/","title":{"rendered":"Apr\u00e8s les boulettes de L\u00e9a Salam\u00e9 au JT de France 2, son p\u00e8re Ghassan Salam\u00e9 r\u00e9v\u00e8le la dr\u00f4le de requ\u00eate de la journaliste : \u00ab\u00a0Elle voulait savoir&#8230;\u00a0\u00bb"},"content":{"rendered":"<p>Depuis la rentr\u00e9e, <strong>L\u00e9a Salam\u00e9<\/strong> assure la<br \/>\npr\u00e9sentation du journal de 20 Heures sur France 2, prenant ainsi la<br \/>\nrel\u00e8ve d\u2019Anne-Sophie Lapix, \u00e9cart\u00e9e de cette fonction \u00e0 la fin du<br \/>\nmois de juin. Mais ce remplacement ne s\u00a0\u00bbest pas fait sans<br \/>\ndifficult\u00e9s, quelques bourdes lui ont en effet valu des attaques<br \/>\nsur les r\u00e9seaux sociaux. C&rsquo;est pourquoi le p\u00e8re de la<br \/>\npr\u00e9sentatrice, <strong>Ghassan Salam\u00e9<\/strong>, a d\u00e9cid\u00e9 de voler<br \/>\nau secours de sa fille.<\/p>\n<p>La semaine pr\u00e9c\u00e9dente, la deuxi\u00e8me partie du <a href=\"https:\/\/www.mariefrance.fr\/news-people\/lea-salame-arrogante-ses-anciens-collegues-se-lachent-avant-les-debuts-de-la-journaliste-au-20-heures-de-france-2-un-petit-cote-alain-delon-1200338.html\" target=\"_blank\" rel=\"noopener nofollow\">journal de France 2<\/a> a battu son<br \/>\nrecord, r\u00e9unissant 4 millions de t\u00e9l\u00e9spectateurs pour une part<br \/>\nd\u2019audience de 20,4 %. La semaine derni\u00e8re encore, le 20 Heures de<br \/>\nFrance 2 a conserv\u00e9 de solides performances, attirant <strong>3,9<br \/>\nmillions de fid\u00e8les<\/strong> et enregistrant une part d\u2019audience de<br \/>\n20 %. De bonnes nouvelles qui devraient all\u00e9ger un peu l&rsquo;esprit de<br \/>\nL\u00e9a Salam\u00e9, apr\u00e8s des d\u00e9buts difficiles.<\/p>\n<p>Les d\u00e9buts difficiles de L\u00e9a Salam\u00e9<\/p>\n<p>Depuis qu\u2019elle a pris les commandes du 20 Heures de France 2,<br \/>\n<a href=\"https:\/\/www.mariefrance.fr\/news-people\/vraiment-indigne-lea-salame-commet-bourde-trop-confondant-meurtres-samuel-paty-dominique-bernard-france-oblige-intervenir-1211939.html\" target=\"_blank\" rel=\"noopener nofollow\">L\u00e9a Salam\u00e9<\/a> essuie de nombreuses<br \/>\ncritiques. Si la journaliste de 45 ans avait pourtant r\u00e9ussi avec<br \/>\nbrio son premier journal, succ\u00e9dant \u00e0 Anne-Sophie Lapix, les<br \/>\nmaladresses se sont vite encha\u00een\u00e9es. Le 15 septembre, <strong>son<br \/>\nentretien avec Marion Cotillard<\/strong> a fait pol\u00e9mique<br \/>\nlorsqu\u2019elle a tent\u00e9 d\u2019aborder la s\u00e9paration de l\u2019actrice avec<br \/>\nGuillaume Canet.<\/p>\n<p>Quelques jours plus tard, une s\u00e9rie d\u2019erreurs a encore terni son<br \/>\nimage : <strong>elle a d\u2019abord confondu Henri Guaino avec Claude<br \/>\nGu\u00e9ant<\/strong>, avant de provoquer un malaise en m\u00e9langeant les<br \/>\nmeurtres de Samuel Paty et de Dominique Bernard. Une accumulation<br \/>\nde faux pas que beaucoup de t\u00e9l\u00e9spectateurs jugent d\u00e9sormais<br \/>\nimpardonnables.<\/p>\n<p><img loading=\"lazy\" decoding=\"async\" aria-describedby=\"caption-attachment-1213534\" itemprop=\"thumbnailUrl\" class=\"wp-image-1213534 img-responsive size-full\" src=\"https:\/\/www.europesays.com\/fr\/wp-content\/uploads\/2025\/10\/1-66.jpg\" alt=\"L\u00e9a Salam\u00e9\" width=\"1280\" height=\"720\"\/> \u00a9 France 2<\/p>\n<p id=\"caption-attachment-1213534\" class=\"wp-caption-text\">L\u00e9a<br \/>\nSalam\u00e9 a connu quelques difficult\u00e9s \u00e0 la t\u00eate du JT.<\/p>\n<p>Ghassan Salam\u00e9 : fier de ses filles<\/p>\n<p>Heureusement, face \u00e0 cette situation difficile, L\u00e9a Salam\u00e9 peut<br \/>\ncompter sur le soutien de son p\u00e8re. Celui qui occupe aujourd\u2019hui le<br \/>\nposte de ministre de la Culture au Liban suit en effet de pr\u00e8s la<br \/>\ncarri\u00e8re de ses deux filles, L\u00e9a et Louma. Dans une longue<br \/>\ninterview donn\u00e9e \u00e0 Paris Match ce vendredi 17 octobre, Ghassan<br \/>\nSalam\u00e9 a d&rsquo;abord tenu \u00e0 signaler sa grande fiert\u00e9. <strong>\u00ab\u00a0Je<br \/>\nsuis tr\u00e8s fier d\u2019elles\u00a0\u00bb<\/strong>. La s\u0153ur de L\u00e9a Salam\u00e9, qui<br \/>\nr\u00e9side \u00e0 Bruxelles, dirige depuis pr\u00e8s de dix ans la Villa<br \/>\nEmpain.<\/p>\n<p>M\u00eame avec un emploi du temps sans doute tr\u00e8s charg\u00e9, il assure<br \/>\nsuivre le journal t\u00e9l\u00e9vis\u00e9 d\u00e8s qu\u2019il le peut. Et loin de se limiter<br \/>\n\u00e0 un simple r\u00f4le de spectateur, il n\u2019h\u00e9site pas \u00e0 lui donner de sa<br \/>\npersonne. <strong>\u00ab\u00a0Je commente avec elle\u00a0\u00bb<\/strong>, a<br \/>\nd\u00e9clar\u00e9 Ghassan Salam\u00e9 la voix emplie de fiert\u00e9 et de<br \/>\ntendresse.<\/p>\n<p><img loading=\"lazy\" decoding=\"async\" aria-describedby=\"caption-attachment-1213536\" class=\"wp-image-1213536 img-responsive size-full\" src=\"https:\/\/www.europesays.com\/fr\/wp-content\/uploads\/2025\/10\/3-38.jpg\" alt=\"Ghassan Salam\u00e9\" width=\"1280\" height=\"720\"\/> \u00a9 Blondet<br \/>\nEliot\/ABACA\/Shutterstock<\/p>\n<p id=\"caption-attachment-1213536\" class=\"wp-caption-text\">Ghassan<br \/>\nSalam\u00e9 attentif \u00e0 la carri\u00e8re de ses filles.<\/p>\n<p>L\u00e9a prend conseils aupr\u00e8s de Ghassan<br \/>\nSalam\u00e9<\/p>\n<p>Plus tard dans l&rsquo;entretien, <a href=\"https:\/\/www.mariefrance.fr\/tele\/lea-salame-detail-linterview-sebastien-lecornu-passe-mal-peux-plus-1210864.html\" target=\"_blank\" rel=\"noopener nofollow\">Ghassan Salam\u00e9<\/a> a confi\u00e9 qu&rsquo;il<br \/>\njouait depuis de nombreuses ann\u00e9es un r\u00f4le indispensable dans la<br \/>\ncarri\u00e8re de sa fille. \u00ab\u00a0Elle voulait savoir comment parler \u00e0 tel<br \/>\nou tel, comment ne pas se laisser impressionner, notamment par les<br \/>\nchefs d&rsquo;\u00c9tat\u00a0\u00bb,\u00a0a-t-il r\u00e9v\u00e9l\u00e9. Et m\u00eame apr\u00e8s toutes ces<br \/>\nann\u00e9es d\u2019exp\u00e9rience, la journaliste continue de faire appel \u00e0 son<br \/>\np\u00e8re lorsqu\u2019elle en ressent le besoin. <strong>\u00ab\u00a0Disons qu&rsquo;il<br \/>\narrive qu&rsquo;on me sollicite\u00a0\u00bb<\/strong>,\u00a0a-t-il confirm\u00e9.<\/p>\n<p><img loading=\"lazy\" decoding=\"async\" aria-describedby=\"caption-attachment-1213535\" class=\"wp-image-1213535 img-responsive size-full\" src=\"https:\/\/www.europesays.com\/fr\/wp-content\/uploads\/2025\/10\/2-66.jpg\" alt=\"Ghassan Salam\u00e9 souriant\" width=\"1280\" height=\"720\"\/><br \/>\n\u00a9 Blondet<br \/>\nEliot\/ABACA\/Shutterstock<\/p>\n<p id=\"caption-attachment-1213535\" class=\"wp-caption-text\">Ghassan<br \/>\nSalam\u00e9 prodigue ses conseils.<\/p>\n<p>Un choix pertinent au regard de la carri\u00e8re de politique de<br \/>\nGhassan Salam\u00e9. Le p\u00e8re de la pr\u00e9sentatrice a en effet \u00e9t\u00e9<br \/>\n<strong>ministre de la Culture<\/strong> entre 2000 et 2003, il a<br \/>\n\u00e9galement exerc\u00e9 les fonctions d\u2019envoy\u00e9 sp\u00e9cial de l\u2019ONU en Libye,<br \/>\nde juin 2017 \u00e0 mars 2020. En janvier dernier, il a de nouveau \u00e9t\u00e9<br \/>\nnomm\u00e9 ministre de la Culture au sein du gouvernement dirig\u00e9 par le<br \/>\npr\u00e9sident du Conseil des ministres, Nawaf Salam.<\/p>\n","protected":false},"excerpt":{"rendered":"Depuis la rentr\u00e9e, L\u00e9a Salam\u00e9 assure la pr\u00e9sentation du journal de 20 Heures sur France 2, prenant ainsi&hellip;\n","protected":false},"author":2,"featured_media":478016,"comment_status":"","ping_status":"","sticky":false,"template":"","format":"standard","meta":{"footnotes":""},"categories":[8],"tags":[21303,58,59,1011,27],"class_list":{"0":"post-478015","1":"post","2":"type-post","3":"status-publish","4":"format-standard","5":"has-post-thumbnail","7":"category-divertissement","8":"tag-buzz_nonli","9":"tag-divertissement","10":"tag-entertainment","11":"tag-fr","12":"tag-france"},"share_on_mastodon":{"url":"https:\/\/pubeurope.com\/@fr\/115408755397014384","error":""},"_links":{"self":[{"href":"https:\/\/www.europesays.com\/fr\/wp-json\/wp\/v2\/posts\/478015","targetHints":{"allow":["GET"]}}],"collection":[{"href":"https:\/\/www.europesays.com\/fr\/wp-json\/wp\/v2\/posts"}],"about":[{"href":"https:\/\/www.europesays.com\/fr\/wp-json\/wp\/v2\/types\/post"}],"author":[{"embeddable":true,"href":"https:\/\/www.europesays.com\/fr\/wp-json\/wp\/v2\/users\/2"}],"replies":[{"embeddable":true,"href":"https:\/\/www.europesays.com\/fr\/wp-json\/wp\/v2\/comments?post=478015"}],"version-history":[{"count":0,"href":"https:\/\/www.europesays.com\/fr\/wp-json\/wp\/v2\/posts\/478015\/revisions"}],"wp:featuredmedia":[{"embeddable":true,"href":"https:\/\/www.europesays.com\/fr\/wp-json\/wp\/v2\/media\/478016"}],"wp:attachment":[{"href":"https:\/\/www.europesays.com\/fr\/wp-json\/wp\/v2\/media?parent=478015"}],"wp:term":[{"taxonomy":"category","embeddable":true,"href":"https:\/\/www.europesays.com\/fr\/wp-json\/wp\/v2\/categories?post=478015"},{"taxonomy":"post_tag","embeddable":true,"href":"https:\/\/www.europesays.com\/fr\/wp-json\/wp\/v2\/tags?post=478015"}],"curies":[{"name":"wp","href":"https:\/\/api.w.org\/{rel}","templated":true}]}}