{"id":478019,"date":"2025-10-20T22:04:11","date_gmt":"2025-10-20T22:04:11","guid":{"rendered":"https:\/\/www.europesays.com\/fr\/478019\/"},"modified":"2025-10-20T22:04:11","modified_gmt":"2025-10-20T22:04:11","slug":"les-deputes-rejettent-la-taxe-zucman-en-commission-mais-elle-sera-rediscutee-dans-lhemicycle","status":"publish","type":"post","link":"https:\/\/www.europesays.com\/fr\/478019\/","title":{"rendered":"Les d\u00e9put\u00e9s rejettent la taxe Zucman en commission (mais elle sera rediscut\u00e9e dans l\u2019H\u00e9micycle)"},"content":{"rendered":"<p>Le d\u00e9bat sur la justice fiscale s\u2019invite au c\u0153ur du projet de <a href=\"https:\/\/www.20minutes.fr\/economie\/budget\/\" target=\"_blank\" class=\"c-link c-link--is-underlined\" rel=\"noopener\">budget 2026<\/a>. Lundi, la commission des Finances de l\u2019<a href=\"https:\/\/www.20minutes.fr\/dossier\/assemblee_nationale\" target=\"_blank\" class=\"c-link c-link--is-underlined\" rel=\"noopener\">Assembl\u00e9e nationale<\/a> a rejet\u00e9 la cr\u00e9ation de la \u00ab\u00a0<a href=\"https:\/\/www.20minutes.fr\/economie\/taxe-zucman\/\" target=\"_blank\" class=\"c-link c-link--is-underlined\" rel=\"noopener\">taxe Zucman<\/a>\u00a0\u00bb, un imp\u00f4t minimum de 2\u00a0% sur les patrimoines sup\u00e9rieurs \u00e0 100\u00a0millions d\u2019euros, inspir\u00e9 des travaux de l\u2019\u00e9conomiste Gabriel Zucman. Malgr\u00e9 ce revers, la mesure n\u2019est pas enterr\u00e9e\u00a0: elle sera de nouveau examin\u00e9e dans l\u2019h\u00e9micycle \u00e0 partir de vendredi, o\u00f9 les d\u00e9put\u00e9s repartiront du texte initial du gouvernement.<\/p>\n<p>Soutenue par les quatre groupes de gauche (<a href=\"https:\/\/www.20minutes.fr\/politique\/france-insoumise\/\" target=\"_blank\" class=\"c-link c-link--is-underlined\" rel=\"noopener\">LFI<\/a>, <a href=\"https:\/\/www.20minutes.fr\/politique\/ps\/\" target=\"_blank\" class=\"c-link c-link--is-underlined\" rel=\"noopener\">PS<\/a>, <a href=\"https:\/\/www.20minutes.fr\/politique\/eelv\/\" target=\"_blank\" class=\"c-link c-link--is-underlined\" rel=\"noopener\">\u00e9cologiste<\/a> et <a href=\"https:\/\/www.20minutes.fr\/politique\/pcf\/\" target=\"_blank\" class=\"c-link c-link--is-underlined\" rel=\"noopener\">communiste<\/a>), cette taxe vise les ultra-riches et inclut le patrimoine professionnel, souvent utilis\u00e9, selon ses partisans, pour contourner l\u2019imp\u00f4t. \u00ab\u00a0\u00c7a ne concerne que les ultrariches (qui) font de la sur-<a href=\"https:\/\/www.20minutes.fr\/dossier\/optimisation_fiscale\" target=\"_blank\" class=\"c-link c-link--is-underlined\" rel=\"noopener\">optimisation fiscale<\/a>. Ceux qui payent r\u00e9guli\u00e8rement leurs imp\u00f4ts payent d\u00e9j\u00e0 plus de 2\u00a0%\u00a0\u00bb, a d\u00e9fendu la d\u00e9put\u00e9e \u00e9cologiste Eva Sas. Pour le socialiste Micka\u00ebl Bouloux, il s\u2019agit du \u00ab\u00a0minimum de justice fiscale\u00a0\u00bb. Les Insoumis et les communistes ont abond\u00e9 dans le m\u00eame sens, d\u00e9non\u00e7ant une concentration croissante des richesses au sommet.<\/p>\n<\/p>\n<p>La majorit\u00e9 pr\u00e9sidentielle et la droite s\u2019y opposent<\/p>\n<p>En Face, la majorit\u00e9 pr\u00e9sidentielle et la droite ont oppos\u00e9 une fin de non-recevoir. Le rapporteur g\u00e9n\u00e9ral du budget Philippe Juvin (<a href=\"https:\/\/www.20minutes.fr\/politique\/lr\/\" target=\"_blank\" class=\"c-link c-link--is-underlined\" rel=\"noopener\">LR<\/a>) estime que \u00ab\u00a0la France taxe ses hauts patrimoines de mani\u00e8re importante\u00a0\u00bb et voit dans cette taxe \u00ab\u00a0un repoussoir pour les nouveaux <a href=\"https:\/\/www.20minutes.fr\/dossier\/entrepreneuriat\" target=\"_blank\" class=\"c-link c-link--is-underlined\" rel=\"noopener\">entrepreneurs<\/a>\u00a0\u00bb, susceptible de \u00ab\u00a0d\u00e9truire d\u2019abord les entreprises non rentables, celles qui innovent et qui mettent des ann\u00e9es \u00e0 \u00eatre rentables\u00a0\u00bb.<\/p>\n<p><a href=\"https:\/\/www.20minutes.fr\/economie\/budget\/\" target=\"_blank\" class=\"c-link c-btn c-btn--primary\" rel=\"noopener\">Notre dossier sur le budget<\/a><\/p>\n<p>Le <a href=\"https:\/\/www.20minutes.fr\/politique\/rassemblement-national\/\" target=\"_blank\" class=\"c-link c-link--is-underlined\" rel=\"noopener\">Rassemblement national<\/a> a \u00e9galement rejet\u00e9 le dispositif, craignant qu\u2019il ne frappe de plein fouet l\u2019\u00e9conomie r\u00e9elle. \u00ab\u00a0Vous n\u2019expliquez pas comment vous n\u2019allez pas taxer les biens professionnels\u00a0\u00bb, a lanc\u00e9 Jean-Philippe Tanguy, qui redoute une \u00ab\u00a0vague de d\u00e9sindustrialisation\u00a0\u00bb. Il a par ailleurs reproch\u00e9 \u00e0 la gauche de ne pas soutenir la proposition de son groupe d\u2019instaurer un imp\u00f4t sur la fortune financi\u00e8re.<\/p>\n","protected":false},"excerpt":{"rendered":"Le d\u00e9bat sur la justice fiscale s\u2019invite au c\u0153ur du projet de budget 2026. Lundi, la commission des&hellip;\n","protected":false},"author":2,"featured_media":478020,"comment_status":"","ping_status":"","sticky":false,"template":"","format":"standard","meta":{"footnotes":""},"categories":[6],"tags":[47,416,1003,35,33,34,1011,27,1023,32356,2703,4484,316,2556,11067,52897],"class_list":{"0":"post-478019","1":"post","2":"type-post","3":"status-publish","4":"format-standard","5":"has-post-thumbnail","7":"category-economie","8":"tag-actualite","9":"tag-assemblee-nationale","10":"tag-budget","11":"tag-business","12":"tag-economie","13":"tag-economy","14":"tag-fr","15":"tag-france","16":"tag-la-france-insoumise-lfi","17":"tag-les-ecologistes-eelv","18":"tag-parti-communiste-francais-pcf","19":"tag-parti-socialiste-ps","20":"tag-politique","21":"tag-rassemblement-national-rn","22":"tag-sebastien-lecornu","23":"tag-taxe-zucman"},"share_on_mastodon":{"url":"https:\/\/pubeurope.com\/@fr\/115408762552843073","error":""},"_links":{"self":[{"href":"https:\/\/www.europesays.com\/fr\/wp-json\/wp\/v2\/posts\/478019","targetHints":{"allow":["GET"]}}],"collection":[{"href":"https:\/\/www.europesays.com\/fr\/wp-json\/wp\/v2\/posts"}],"about":[{"href":"https:\/\/www.europesays.com\/fr\/wp-json\/wp\/v2\/types\/post"}],"author":[{"embeddable":true,"href":"https:\/\/www.europesays.com\/fr\/wp-json\/wp\/v2\/users\/2"}],"replies":[{"embeddable":true,"href":"https:\/\/www.europesays.com\/fr\/wp-json\/wp\/v2\/comments?post=478019"}],"version-history":[{"count":0,"href":"https:\/\/www.europesays.com\/fr\/wp-json\/wp\/v2\/posts\/478019\/revisions"}],"wp:featuredmedia":[{"embeddable":true,"href":"https:\/\/www.europesays.com\/fr\/wp-json\/wp\/v2\/media\/478020"}],"wp:attachment":[{"href":"https:\/\/www.europesays.com\/fr\/wp-json\/wp\/v2\/media?parent=478019"}],"wp:term":[{"taxonomy":"category","embeddable":true,"href":"https:\/\/www.europesays.com\/fr\/wp-json\/wp\/v2\/categories?post=478019"},{"taxonomy":"post_tag","embeddable":true,"href":"https:\/\/www.europesays.com\/fr\/wp-json\/wp\/v2\/tags?post=478019"}],"curies":[{"name":"wp","href":"https:\/\/api.w.org\/{rel}","templated":true}]}}