{"id":478026,"date":"2025-10-20T22:08:32","date_gmt":"2025-10-20T22:08:32","guid":{"rendered":"https:\/\/www.europesays.com\/fr\/478026\/"},"modified":"2025-10-20T22:08:32","modified_gmt":"2025-10-20T22:08:32","slug":"les-sorcieres-debarquent-a-pont-bayard","status":"publish","type":"post","link":"https:\/\/www.europesays.com\/fr\/478026\/","title":{"rendered":"les sorci\u00e8res d\u00e9barquent \u00e0 Pont-Bayard"},"content":{"rendered":"<p>All hallow eves\u2019s, autrement dit en bon fran\u00e7ais, la f\u00eate de tous les saints, mais plus connue sous le vocable \u00ab\u00a0Halloween\u00a0\u00bb, sera f\u00eat\u00e9 deux jours de suite aux \u00e9curies de Pont-Bayard. Mercredi 29\u00a0octobre, entre 17 et 20 heures, les plus de 8 ans et leurs poneys, bien s\u00fbr d\u00e9guis\u00e9s, qui participeront \u00e0 des jeux \u00e0 cheval au sein de la salle de l\u2019horreur. Le lendemain, jeudi 30\u00a0octobre, les 4-7 ans promettent une grosse \u00e9quipe de sorci\u00e8res qui d\u00e9guiseront les poneys in situ, de 14 \u00e0 17 heures. La chasse aux bonbons sera ouverte, avec un go\u00fbter en conclusion.<\/p>\n","protected":false},"excerpt":{"rendered":"All hallow eves\u2019s, autrement dit en bon fran\u00e7ais, la f\u00eate de tous les saints, mais plus connue sous&hellip;\n","protected":false},"author":2,"featured_media":478027,"comment_status":"","ping_status":"","sticky":false,"template":"","format":"standard","meta":{"footnotes":""},"categories":[9653],"tags":[1111,11,2430,1687,7539,1777,674,1011,27,12053,12,25,4001,9664],"class_list":{"0":"post-478026","1":"post","2":"type-post","3":"status-publish","4":"format-standard","5":"has-post-thumbnail","7":"category-saint-etienne","8":"tag-actu","9":"tag-actualites","10":"tag-auvergne-rhone-alpes","11":"tag-culture-loisirs","12":"tag-edition-loire-sud","13":"tag-eu","14":"tag-europe","15":"tag-fr","16":"tag-france","17":"tag-la-talaudiere","18":"tag-news","19":"tag-republique-francaise","20":"tag-saint-etienne","21":"tag-saint-etienne-bassin"},"share_on_mastodon":{"url":"https:\/\/pubeurope.com\/@fr\/115408778349957241","error":""},"_links":{"self":[{"href":"https:\/\/www.europesays.com\/fr\/wp-json\/wp\/v2\/posts\/478026","targetHints":{"allow":["GET"]}}],"collection":[{"href":"https:\/\/www.europesays.com\/fr\/wp-json\/wp\/v2\/posts"}],"about":[{"href":"https:\/\/www.europesays.com\/fr\/wp-json\/wp\/v2\/types\/post"}],"author":[{"embeddable":true,"href":"https:\/\/www.europesays.com\/fr\/wp-json\/wp\/v2\/users\/2"}],"replies":[{"embeddable":true,"href":"https:\/\/www.europesays.com\/fr\/wp-json\/wp\/v2\/comments?post=478026"}],"version-history":[{"count":0,"href":"https:\/\/www.europesays.com\/fr\/wp-json\/wp\/v2\/posts\/478026\/revisions"}],"wp:featuredmedia":[{"embeddable":true,"href":"https:\/\/www.europesays.com\/fr\/wp-json\/wp\/v2\/media\/478027"}],"wp:attachment":[{"href":"https:\/\/www.europesays.com\/fr\/wp-json\/wp\/v2\/media?parent=478026"}],"wp:term":[{"taxonomy":"category","embeddable":true,"href":"https:\/\/www.europesays.com\/fr\/wp-json\/wp\/v2\/categories?post=478026"},{"taxonomy":"post_tag","embeddable":true,"href":"https:\/\/www.europesays.com\/fr\/wp-json\/wp\/v2\/tags?post=478026"}],"curies":[{"name":"wp","href":"https:\/\/api.w.org\/{rel}","templated":true}]}}