{"id":478028,"date":"2025-10-20T22:09:22","date_gmt":"2025-10-20T22:09:22","guid":{"rendered":"https:\/\/www.europesays.com\/fr\/478028\/"},"modified":"2025-10-20T22:09:22","modified_gmt":"2025-10-20T22:09:22","slug":"asse-le-calendrier-dementiel-qui-attend-eirik-horneland-et-saint-etienne","status":"publish","type":"post","link":"https:\/\/www.europesays.com\/fr\/478028\/","title":{"rendered":"ASSE : le calendrier d\u00e9mentiel qui attend Eirik Horneland et Saint-\u00c9tienne !"},"content":{"rendered":"<p>Rien ne va plus dans le Forez. Apr\u00e8s deux d\u00e9faites cons\u00e9cutives \u00e0\u00a0<strong>Geoffroy-Guichard<\/strong>, face \u00e0\u00a0<strong>Guingamp (2-3)<\/strong>\u00a0puis\u00a0<strong>Le Mans (2-3)<\/strong>, l\u2019<strong>AS Saint-\u00c9tienne<\/strong>\u00a0est retomb\u00e9e dans ses travers. Et les semaines \u00e0 venir ne s\u2019annoncent pas plus simples pour\u00a0<strong>Eirik Horneland<\/strong>\u00a0et ses joueurs.<br \/>Le coach norv\u00e9gien va devoir g\u00e9rer un\u00a0<strong>mois de tous les dangers<\/strong>, avec un encha\u00eenement de rencontres \u00e0 tr\u00e8s haut risque.<\/p>\n<p><strong>Un marathon \u00e0 haut voltage<\/strong><\/p>\n<p>Le prochain rendez-vous est d\u00e9j\u00e0 crucial : un\u00a0<strong>d\u00e9placement \u00e0 Annecy<\/strong>, actuel 11e du classement,\u00a0<strong>ce samedi<\/strong>. Un match pi\u00e9geux face \u00e0 une \u00e9quipe difficile \u00e0 man\u0153uvrer \u00e0 domicile.<br \/>Mais ce n\u2019est que le d\u00e9but d\u2019un\u00a0<strong>calendrier infernal<\/strong>.<\/p>\n<p>Trois jours plus tard, les Verts accueilleront\u00a0<strong>Pau FC<\/strong>, surprenant dauphin de Ligue 2, avant de recevoir\u00a0<strong>le Red Star<\/strong>, solide 4e et pr\u00e9tendant d\u00e9clar\u00e9 \u00e0 la mont\u00e9e.<br \/>Et pour finir,\u00a0<strong>un d\u00e9placement \u00e0 Troyes<\/strong> le 8 novembre, le leader du championnat.<\/p>\n<p>\ud83d\udc49 En r\u00e9sum\u00e9 :\u00a0<strong>Annecy (11e), Pau (2e), Red Star (4e), Troyes (1er)<\/strong>\u00a0\u2014 un encha\u00eenement redoutable o\u00f9 l\u2019ASSE va affronter\u00a0<strong>trois des quatre meilleures \u00e9quipes du championnat<\/strong>\u00a0en l\u2019espace de deux semaines.<\/p>\n<p><strong>Le tournant de la saison pour les Verts<\/strong><\/p>\n<p>Ce bloc de matchs pourrait bien\u00a0<strong>faire basculer la saison<\/strong>. En cas de nouveaux faux pas, la situation pourrait devenir explosive et fragiliser encore un peu plus\u00a0<strong>Eirik Horneland<\/strong>, d\u00e9j\u00e0 critiqu\u00e9 pour ses choix tactiques et sa gestion du groupe.<br \/>Mais \u00e0 l\u2019inverse,\u00a0<strong>une s\u00e9rie de bons r\u00e9sultats pourrait relancer la machine<\/strong>, redonner confiance au groupe et raviver l\u2019espoir d\u2019une remont\u00e9e vers la Ligue 1.<\/p>\n<p><strong>Entre crise ou renaissance<\/strong><\/p>\n<p>Ce mois de comp\u00e9tition s\u2019annonce donc comme\u00a0<strong>un test grandeur nature<\/strong>\u00a0pour Horneland et ses hommes.<br \/>Les supporters, d\u00e9j\u00e0 agac\u00e9s par les derni\u00e8res prestations, attendent une r\u00e9action d\u2019orgueil. L\u2019ASSE doit montrer qu\u2019elle a les \u00e9paules d\u2019un club qui vise la mont\u00e9e et pas d\u2019une \u00e9quipe qui subit son destin.<\/p>\n<p>Les prochains matchs diront tout :\u00a0<strong>crise confirm\u00e9e ou r\u00e9volte des Verts<\/strong>. Une chose est s\u00fbre, le calendrier ne fera aucun cadeau \u00e0 Saint-\u00c9tienne.<\/p>\n","protected":false},"excerpt":{"rendered":"Rien ne va plus dans le Forez. Apr\u00e8s deux d\u00e9faites cons\u00e9cutives \u00e0\u00a0Geoffroy-Guichard, face \u00e0\u00a0Guingamp (2-3)\u00a0puis\u00a0Le Mans (2-3), l\u2019AS&hellip;\n","protected":false},"author":2,"featured_media":478029,"comment_status":"","ping_status":"","sticky":false,"template":"","format":"standard","meta":{"footnotes":""},"categories":[9653],"tags":[1111,11,2430,448,1777,674,63,1011,27,66,3388,12,25,4001,10662],"class_list":{"0":"post-478028","1":"post","2":"type-post","3":"status-publish","4":"format-standard","5":"has-post-thumbnail","7":"category-saint-etienne","8":"tag-actu","9":"tag-actualites","10":"tag-auvergne-rhone-alpes","11":"tag-champions-league","12":"tag-eu","13":"tag-europe","14":"tag-football","15":"tag-fr","16":"tag-france","17":"tag-ligue-1","18":"tag-matchs","19":"tag-news","20":"tag-republique-francaise","21":"tag-saint-etienne","22":"tag-transferts"},"share_on_mastodon":{"url":"https:\/\/pubeurope.com\/@fr\/115408782261661932","error":""},"_links":{"self":[{"href":"https:\/\/www.europesays.com\/fr\/wp-json\/wp\/v2\/posts\/478028","targetHints":{"allow":["GET"]}}],"collection":[{"href":"https:\/\/www.europesays.com\/fr\/wp-json\/wp\/v2\/posts"}],"about":[{"href":"https:\/\/www.europesays.com\/fr\/wp-json\/wp\/v2\/types\/post"}],"author":[{"embeddable":true,"href":"https:\/\/www.europesays.com\/fr\/wp-json\/wp\/v2\/users\/2"}],"replies":[{"embeddable":true,"href":"https:\/\/www.europesays.com\/fr\/wp-json\/wp\/v2\/comments?post=478028"}],"version-history":[{"count":0,"href":"https:\/\/www.europesays.com\/fr\/wp-json\/wp\/v2\/posts\/478028\/revisions"}],"wp:featuredmedia":[{"embeddable":true,"href":"https:\/\/www.europesays.com\/fr\/wp-json\/wp\/v2\/media\/478029"}],"wp:attachment":[{"href":"https:\/\/www.europesays.com\/fr\/wp-json\/wp\/v2\/media?parent=478028"}],"wp:term":[{"taxonomy":"category","embeddable":true,"href":"https:\/\/www.europesays.com\/fr\/wp-json\/wp\/v2\/categories?post=478028"},{"taxonomy":"post_tag","embeddable":true,"href":"https:\/\/www.europesays.com\/fr\/wp-json\/wp\/v2\/tags?post=478028"}],"curies":[{"name":"wp","href":"https:\/\/api.w.org\/{rel}","templated":true}]}}