{"id":478030,"date":"2025-10-20T22:10:42","date_gmt":"2025-10-20T22:10:42","guid":{"rendered":"https:\/\/www.europesays.com\/fr\/478030\/"},"modified":"2025-10-20T22:10:42","modified_gmt":"2025-10-20T22:10:42","slug":"maxeville-une-marche-au-theme-historique-pour-octobre-rose","status":"publish","type":"post","link":"https:\/\/www.europesays.com\/fr\/478030\/","title":{"rendered":"Max\u00e9ville. Une marche au th\u00e8me historique pour Octobre rose"},"content":{"rendered":"<p>L\u2019association Max\u2019Inter G\u00e9n\u00e9rations s\u2019est associ\u00e9e \u00e0 M\u00e9moire de Max\u00e9ville pour organiser une balade en faveur d\u2019Octobre rose. Les participants \u00e9taient invit\u00e9s \u00e0 suivre les traces de la mine des Belges et du parcours de ses wagonnets. Le groupe a parcouru 5\u00a0km, au d\u00e9part du parc, pour y revenir et d\u00e9guster des cr\u00eapes et des boissons chaudes. Les sommes r\u00e9colt\u00e9es sont vers\u00e9es \u00e0 l\u2019association Symphonie.<\/p>\n","protected":false},"excerpt":{"rendered":"L\u2019association Max\u2019Inter G\u00e9n\u00e9rations s\u2019est associ\u00e9e \u00e0 M\u00e9moire de Max\u00e9ville pour organiser une balade en faveur d\u2019Octobre rose. Les&hellip;\n","protected":false},"author":2,"featured_media":478031,"comment_status":"","ping_status":"","sticky":false,"template":"","format":"standard","meta":{"footnotes":""},"categories":[9635],"tags":[1111,11,1704,1777,674,1011,27,775,10061,10262,1702,12,25,71],"class_list":{"0":"post-478030","1":"post","2":"type-post","3":"status-publish","4":"format-standard","5":"has-post-thumbnail","7":"category-nancy","8":"tag-actu","9":"tag-actualites","10":"tag-edition-nancy-et-agglomeration","11":"tag-eu","12":"tag-europe","13":"tag-fr","14":"tag-france","15":"tag-grand-est","16":"tag-maxeville","17":"tag-metropole-du-grand-nancy-54b5","18":"tag-nancy","19":"tag-news","20":"tag-republique-francaise","21":"tag-sante"},"share_on_mastodon":{"url":"https:\/\/pubeurope.com\/@fr\/115408786103385961","error":""},"_links":{"self":[{"href":"https:\/\/www.europesays.com\/fr\/wp-json\/wp\/v2\/posts\/478030","targetHints":{"allow":["GET"]}}],"collection":[{"href":"https:\/\/www.europesays.com\/fr\/wp-json\/wp\/v2\/posts"}],"about":[{"href":"https:\/\/www.europesays.com\/fr\/wp-json\/wp\/v2\/types\/post"}],"author":[{"embeddable":true,"href":"https:\/\/www.europesays.com\/fr\/wp-json\/wp\/v2\/users\/2"}],"replies":[{"embeddable":true,"href":"https:\/\/www.europesays.com\/fr\/wp-json\/wp\/v2\/comments?post=478030"}],"version-history":[{"count":0,"href":"https:\/\/www.europesays.com\/fr\/wp-json\/wp\/v2\/posts\/478030\/revisions"}],"wp:featuredmedia":[{"embeddable":true,"href":"https:\/\/www.europesays.com\/fr\/wp-json\/wp\/v2\/media\/478031"}],"wp:attachment":[{"href":"https:\/\/www.europesays.com\/fr\/wp-json\/wp\/v2\/media?parent=478030"}],"wp:term":[{"taxonomy":"category","embeddable":true,"href":"https:\/\/www.europesays.com\/fr\/wp-json\/wp\/v2\/categories?post=478030"},{"taxonomy":"post_tag","embeddable":true,"href":"https:\/\/www.europesays.com\/fr\/wp-json\/wp\/v2\/tags?post=478030"}],"curies":[{"name":"wp","href":"https:\/\/api.w.org\/{rel}","templated":true}]}}