{"id":478042,"date":"2025-10-20T22:19:20","date_gmt":"2025-10-20T22:19:20","guid":{"rendered":"https:\/\/www.europesays.com\/fr\/478042\/"},"modified":"2025-10-20T22:19:20","modified_gmt":"2025-10-20T22:19:20","slug":"isere-lhumoriste-louis-cattelat-annule-son-spectacle-a-claix-pour-participer-a-lemission-quotidien-le-service-de-programmation-amer","status":"publish","type":"post","link":"https:\/\/www.europesays.com\/fr\/478042\/","title":{"rendered":"Is\u00e8re. L\u2019humoriste Louis Cattelat annule son spectacle \u00e0 Claix pour participer \u00e0 l\u2019\u00e9mission Quotidien, le service de programmation amer"},"content":{"rendered":"<p>Trois jours seulement avant la date de son spectacle, attendu jeudi 23\u00a0octobre dans la ville de Claix (Is\u00e8re), l\u2019humoriste Louis Cattelat a annul\u00e9 sa venue, pr\u00e9f\u00e9rant participer \u00e0 l\u2019\u00e9mission Quotidien diffus\u00e9e sur TMC le m\u00eame jour.<\/p>\n<p>L\u2019\u00e9quipe du service de programmation culturelle de la Ville de Claix a publi\u00e9 sur Facebook, ce lundi 20\u00a0octobre, un communiqu\u00e9 amer, regrettant \u201cvivement cette situation\u201d et d\u00e9plorant que \u201cle public en soit la principale victime\u201d de cette annulation tardive.<\/p>\n<p>Les spectateurs pourront se faire rembourser leur billet sur restitution du billet physique ou pr\u00e9sentation du billet num\u00e9rique \u00e0 compter du 10\u00a0novembre \u00e0 13\u00a0h\u00a030 dans les bureaux de la CASE au 11ter chemin de Risset \u00e0 Claix, indique le service de programmation culturelle.<\/p>\n<p class=\"note\">Les remboursements pourront ensuite \u00eatre effectu\u00e9s aux jours et horaires d\u2019ouverture suivants : lundis\u00a0: 13\u00a0h\u00a030 \u2013 17\u00a0h\u00a030. Mardis, jeudis et vendredis\u00a0: 9 heures &#8211; midi et 13\u00a0h\u00a030 &#8211; 17\u00a0h\u00a030.<\/p>\n","protected":false},"excerpt":{"rendered":"Trois jours seulement avant la date de son spectacle, attendu jeudi 23\u00a0octobre dans la ville de Claix (Is\u00e8re),&hellip;\n","protected":false},"author":2,"featured_media":478043,"comment_status":"","ping_status":"","sticky":false,"template":"","format":"standard","meta":{"footnotes":""},"categories":[9566],"tags":[1111,11,2430,9600,1687,113,1777,674,107,1011,27,2731,108,12,25,3140,2205],"class_list":{"0":"post-478042","1":"post","2":"type-post","3":"status-publish","4":"format-standard","5":"has-post-thumbnail","7":"category-grenoble","8":"tag-actu","9":"tag-actualites","10":"tag-auvergne-rhone-alpes","11":"tag-claix","12":"tag-culture-loisirs","13":"tag-edition-gresivaudan-oisans","14":"tag-eu","15":"tag-europe","16":"tag-fil-info","17":"tag-fr","18":"tag-france","19":"tag-grenoble","20":"tag-isere","21":"tag-news","22":"tag-republique-francaise","23":"tag-spectacle","24":"tag-television-medias"},"share_on_mastodon":{"url":"https:\/\/pubeurope.com\/@fr\/115408821764191779","error":""},"_links":{"self":[{"href":"https:\/\/www.europesays.com\/fr\/wp-json\/wp\/v2\/posts\/478042","targetHints":{"allow":["GET"]}}],"collection":[{"href":"https:\/\/www.europesays.com\/fr\/wp-json\/wp\/v2\/posts"}],"about":[{"href":"https:\/\/www.europesays.com\/fr\/wp-json\/wp\/v2\/types\/post"}],"author":[{"embeddable":true,"href":"https:\/\/www.europesays.com\/fr\/wp-json\/wp\/v2\/users\/2"}],"replies":[{"embeddable":true,"href":"https:\/\/www.europesays.com\/fr\/wp-json\/wp\/v2\/comments?post=478042"}],"version-history":[{"count":0,"href":"https:\/\/www.europesays.com\/fr\/wp-json\/wp\/v2\/posts\/478042\/revisions"}],"wp:featuredmedia":[{"embeddable":true,"href":"https:\/\/www.europesays.com\/fr\/wp-json\/wp\/v2\/media\/478043"}],"wp:attachment":[{"href":"https:\/\/www.europesays.com\/fr\/wp-json\/wp\/v2\/media?parent=478042"}],"wp:term":[{"taxonomy":"category","embeddable":true,"href":"https:\/\/www.europesays.com\/fr\/wp-json\/wp\/v2\/categories?post=478042"},{"taxonomy":"post_tag","embeddable":true,"href":"https:\/\/www.europesays.com\/fr\/wp-json\/wp\/v2\/tags?post=478042"}],"curies":[{"name":"wp","href":"https:\/\/api.w.org\/{rel}","templated":true}]}}